{"id":749,"date":"2026-02-09T17:17:23","date_gmt":"2026-02-09T20:17:23","guid":{"rendered":"https:\/\/www.avaliebem.com.br\/blog\/?p=749"},"modified":"2026-02-09T17:20:29","modified_gmt":"2026-02-09T20:20:29","slug":"imoveis-bem-conservados-vendem-mais-rapido","status":"publish","type":"post","link":"https:\/\/www.avaliebem.com.br\/blog\/imoveis-bem-conservados-vendem-mais-rapido\/","title":{"rendered":"Por que im\u00f3veis bem conservados vendem mais r\u00e1pido (e com melhor valor)"},"content":{"rendered":"\n<h2 class=\"wp-block-heading\">A conserva\u00e7\u00e3o como fator decisivo na venda de um im\u00f3vel<\/h2>\n\n\n\n<p>No mercado imobili\u00e1rio, pre\u00e7o e localiza\u00e7\u00e3o s\u00e3o importantes, mas n\u00e3o explicam tudo. Na pr\u00e1tica, <strong>im\u00f3veis bem conservados vendem mais r\u00e1pido<\/strong> e costumam alcan\u00e7ar melhores valores de negocia\u00e7\u00e3o. Essa diferen\u00e7a ocorre porque o estado de conserva\u00e7\u00e3o influencia diretamente a percep\u00e7\u00e3o do comprador, a seguran\u00e7a da decis\u00e3o e o custo total envolvido na compra.<\/p>\n\n\n\n<p>Em um cen\u00e1rio cada vez mais competitivo, pequenos detalhes podem acelerar ou travar uma venda.<\/p>\n\n\n\n<hr class=\"wp-block-separator has-alpha-channel-opacity\"\/>\n\n\n\n<h2 class=\"wp-block-heading\">A primeira impress\u00e3o pesa mais do que parece<\/h2>\n\n\n\n<p>A visita ao im\u00f3vel costuma ser decisiva. Nos primeiros minutos, o comprador avalia ilumina\u00e7\u00e3o, pintura, estado de pisos, portas, janelas e banheiros. Quando o im\u00f3vel aparenta cuidado e manuten\u00e7\u00e3o em dia, transmite confian\u00e7a.<\/p>\n\n\n\n<p>Por outro lado, sinais de desgaste excessivo, infiltra\u00e7\u00f5es aparentes ou acabamentos muito deteriorados geram inseguran\u00e7a imediata e, muitas vezes, afastam o interessado antes mesmo de uma an\u00e1lise mais racional do pre\u00e7o.<\/p>\n\n\n\n<hr class=\"wp-block-separator has-alpha-channel-opacity\"\/>\n\n\n\n<h2 class=\"wp-block-heading\">Manuten\u00e7\u00e3o em dia reduz obje\u00e7\u00f5es e negocia\u00e7\u00f5es agressivas<\/h2>\n\n\n\n<p>Um dos principais motivos que tornam <strong>im\u00f3veis bem conservados<\/strong> mais l\u00edquidos \u00e9 a redu\u00e7\u00e3o de obje\u00e7\u00f5es durante a negocia\u00e7\u00e3o. O comprador entende que n\u00e3o precisar\u00e1 investir imediatamente em reparos e reformas b\u00e1sicas, o que diminui pedidos de desconto e renegocia\u00e7\u00f5es extensas.<\/p>\n\n\n\n<p>Im\u00f3veis que exigem muitos ajustes acabam sendo comparados com op\u00e7\u00f5es semelhantes em melhor estado, perdendo competitividade mesmo quando o valor inicial parece atrativo.<\/p>\n\n\n\n<hr class=\"wp-block-separator has-alpha-channel-opacity\"\/>\n\n\n\n<h2 class=\"wp-block-heading\">Conserva\u00e7\u00e3o n\u00e3o \u00e9 o mesmo que reforma<\/h2>\n\n\n\n<p>\u00c9 importante diferenciar conserva\u00e7\u00e3o de reforma. Um im\u00f3vel bem conservado n\u00e3o precisa ser novo ou rec\u00e9m-reformado. Ele precisa estar funcional, limpo, com sistemas el\u00e9trico e hidr\u00e1ulico em bom estado e manuten\u00e7\u00e3o vis\u00edvel.<\/p>\n\n\n\n<p>Em muitos casos, <strong>cuidar da conserva\u00e7\u00e3o<\/strong> \u00e9 mais eficiente do que realizar reformas extensas, que nem sempre retornam integralmente no valor de venda.<\/p>\n\n\n\n<hr class=\"wp-block-separator has-alpha-channel-opacity\"\/>\n\n\n\n<h2 class=\"wp-block-heading\">Impacto direto na percep\u00e7\u00e3o de valor<\/h2>\n\n\n\n<p>Compradores avaliam o im\u00f3vel como um conjunto. Quando percebem que o propriet\u00e1rio cuidou da manuten\u00e7\u00e3o ao longo do tempo, associam isso a menor risco, melhor uso e maior durabilidade. Isso eleva o valor percebido, mesmo que o im\u00f3vel n\u00e3o seja o mais moderno do mercado.<\/p>\n\n\n\n<p>Essa percep\u00e7\u00e3o explica por que dois im\u00f3veis semelhantes podem ter tempos de venda e valores finais t\u00e3o diferentes.<\/p>\n\n\n\n<hr class=\"wp-block-separator has-alpha-channel-opacity\"\/>\n\n\n\n<h2 class=\"wp-block-heading\">O papel da avalia\u00e7\u00e3o profissional<\/h2>\n\n\n\n<p>Saber se o im\u00f3vel est\u00e1 adequado ao mercado exige olhar t\u00e9cnico. Uma avalia\u00e7\u00e3o profissional considera n\u00e3o apenas metragem e localiza\u00e7\u00e3o, mas tamb\u00e9m o estado de conserva\u00e7\u00e3o, o perfil do p\u00fablico comprador e o posicionamento correto de pre\u00e7o.<\/p>\n\n\n\n<p>Na Avalie Bem Im\u00f3veis, essa an\u00e1lise faz parte do processo, ajudando propriet\u00e1rios a entender se ajustes simples podem acelerar a venda e melhorar o resultado final.<\/p>\n\n\n\n<hr class=\"wp-block-separator has-alpha-channel-opacity\"\/>\n\n\n\n<h2 class=\"wp-block-heading\">Conclus\u00e3o<\/h2>\n\n\n\n<p>Im\u00f3veis bem conservados vendem mais r\u00e1pido porque transmitem seguran\u00e7a, reduzem obje\u00e7\u00f5es e aumentam o valor percebido pelo comprador. Em muitos casos, a manuten\u00e7\u00e3o correta \u00e9 o diferencial entre uma venda r\u00e1pida e um im\u00f3vel que permanece meses no mercado.<\/p>\n\n\n\n<p>Antes de anunciar, vale avaliar o estado geral do im\u00f3vel e entender quais cuidados realmente fazem diferen\u00e7a para o p\u00fablico certo.<\/p>\n\n\n\n<p>\u27a1\ufe0f Se voc\u00ea est\u00e1 pensando em vender ou deseja saber como posicionar melhor seu im\u00f3vel no mercado, entre em <a href=\"https:\/\/www.avaliebem.com.br\/contato\/\"><mark style=\"background-color:rgba(0, 0, 0, 0)\" class=\"has-inline-color has-vivid-cyan-blue-color\">contato<\/mark><\/a> com a equipe da Avalie Bem Im\u00f3veis.<\/p>\n\n\n\n<p><\/p>\n","protected":false},"excerpt":{"rendered":"<p>A conserva\u00e7\u00e3o como fator decisivo na venda de um im\u00f3vel No mercado imobili\u00e1rio, pre\u00e7o e localiza\u00e7\u00e3o s\u00e3o importantes, mas n\u00e3o explicam tudo. Na pr\u00e1tica, im\u00f3veis bem conservados vendem mais r\u00e1pido [&hellip;]<\/p>\n","protected":false},"author":1,"featured_media":752,"comment_status":"open","ping_status":"open","sticky":false,"template":"","format":"standard","meta":{"inline_featured_image":false,"footnotes":""},"categories":[83],"tags":[],"class_list":["post-749","post","type-post","status-publish","format-standard","has-post-thumbnail","hentry","category-informacoes"],"yoast_head":"<!-- This site is optimized with the Yoast SEO plugin v23.4 - https:\/\/yoast.com\/wordpress\/plugins\/seo\/ -->\n<title>Im\u00f3veis bem conservados vendem mais r\u00e1pido e com melhor valor!<\/title>\n<meta name=\"description\" content=\"Im\u00f3veis bem conservados vendem mais r\u00e1pido e com melhor valor. Entenda como a conserva\u00e7\u00e3o influencia a decis\u00e3o do comprador e a liquidez.\" \/>\n<meta name=\"robots\" content=\"index, follow, max-snippet:-1, max-image-preview:large, max-video-preview:-1\" \/>\n<link rel=\"canonical\" href=\"https:\/\/www.avaliebem.com.br\/blog\/imoveis-bem-conservados-vendem-mais-rapido\/\" \/>\n<meta property=\"og:locale\" content=\"pt_BR\" \/>\n<meta property=\"og:type\" content=\"article\" \/>\n<meta property=\"og:title\" content=\"Im\u00f3veis bem conservados vendem mais r\u00e1pido e com melhor valor!\" \/>\n<meta property=\"og:description\" content=\"Im\u00f3veis bem conservados vendem mais r\u00e1pido e com melhor valor. Entenda como a conserva\u00e7\u00e3o influencia a decis\u00e3o do comprador e a liquidez.\" \/>\n<meta property=\"og:url\" content=\"https:\/\/www.avaliebem.com.br\/blog\/imoveis-bem-conservados-vendem-mais-rapido\/\" \/>\n<meta property=\"og:site_name\" content=\"Avalie Bem Im\u00f3veis\" \/>\n<meta property=\"article:published_time\" content=\"2026-02-09T20:17:23+00:00\" \/>\n<meta property=\"article:modified_time\" content=\"2026-02-09T20:20:29+00:00\" \/>\n<meta property=\"og:image\" content=\"https:\/\/www.avaliebem.com.br\/blog\/wp-content\/uploads\/2026\/02\/Artigo-Site-1.jpg\" \/>\n\t<meta property=\"og:image:width\" content=\"2187\" \/>\n\t<meta property=\"og:image:height\" content=\"1553\" \/>\n\t<meta property=\"og:image:type\" content=\"image\/jpeg\" \/>\n<meta name=\"author\" content=\"Avalie Bem\" \/>\n<meta name=\"twitter:card\" content=\"summary_large_image\" \/>\n<meta name=\"twitter:label1\" content=\"Escrito por\" \/>\n\t<meta name=\"twitter:data1\" content=\"Avalie Bem\" \/>\n\t<meta name=\"twitter:label2\" content=\"Est. tempo de leitura\" \/>\n\t<meta name=\"twitter:data2\" content=\"4 minutos\" \/>\n<script type=\"application\/ld+json\" class=\"yoast-schema-graph\">{\"@context\":\"https:\/\/schema.org\",\"@graph\":[{\"@type\":\"WebPage\",\"@id\":\"https:\/\/www.avaliebem.com.br\/blog\/imoveis-bem-conservados-vendem-mais-rapido\/\",\"url\":\"https:\/\/www.avaliebem.com.br\/blog\/imoveis-bem-conservados-vendem-mais-rapido\/\",\"name\":\"Im\u00f3veis bem conservados vendem mais r\u00e1pido e com melhor valor!\",\"isPartOf\":{\"@id\":\"https:\/\/www.avaliebem.com.br\/blog\/#website\"},\"primaryImageOfPage\":{\"@id\":\"https:\/\/www.avaliebem.com.br\/blog\/imoveis-bem-conservados-vendem-mais-rapido\/#primaryimage\"},\"image\":{\"@id\":\"https:\/\/www.avaliebem.com.br\/blog\/imoveis-bem-conservados-vendem-mais-rapido\/#primaryimage\"},\"thumbnailUrl\":\"https:\/\/www.avaliebem.com.br\/blog\/wp-content\/uploads\/2026\/02\/Artigo-Site-1.jpg\",\"datePublished\":\"2026-02-09T20:17:23+00:00\",\"dateModified\":\"2026-02-09T20:20:29+00:00\",\"author\":{\"@id\":\"https:\/\/www.avaliebem.com.br\/blog\/#\/schema\/person\/1d359599c7269d8683b385de7ea94a11\"},\"description\":\"Im\u00f3veis bem conservados vendem mais r\u00e1pido e com melhor valor. Entenda como a conserva\u00e7\u00e3o influencia a decis\u00e3o do comprador e a liquidez.\",\"breadcrumb\":{\"@id\":\"https:\/\/www.avaliebem.com.br\/blog\/imoveis-bem-conservados-vendem-mais-rapido\/#breadcrumb\"},\"inLanguage\":\"pt-BR\",\"potentialAction\":[{\"@type\":\"ReadAction\",\"target\":[\"https:\/\/www.avaliebem.com.br\/blog\/imoveis-bem-conservados-vendem-mais-rapido\/\"]}]},{\"@type\":\"ImageObject\",\"inLanguage\":\"pt-BR\",\"@id\":\"https:\/\/www.avaliebem.com.br\/blog\/imoveis-bem-conservados-vendem-mais-rapido\/#primaryimage\",\"url\":\"https:\/\/www.avaliebem.com.br\/blog\/wp-content\/uploads\/2026\/02\/Artigo-Site-1.jpg\",\"contentUrl\":\"https:\/\/www.avaliebem.com.br\/blog\/wp-content\/uploads\/2026\/02\/Artigo-Site-1.jpg\",\"width\":2187,\"height\":1553,\"caption\":\"Im\u00f3veis bem conservados transmitem seguran\u00e7a ao comprador e aumentam a velocidade e o valor da venda.\"},{\"@type\":\"BreadcrumbList\",\"@id\":\"https:\/\/www.avaliebem.com.br\/blog\/imoveis-bem-conservados-vendem-mais-rapido\/#breadcrumb\",\"itemListElement\":[{\"@type\":\"ListItem\",\"position\":1,\"name\":\"In\u00edcio\",\"item\":\"https:\/\/www.avaliebem.com.br\/blog\/\"},{\"@type\":\"ListItem\",\"position\":2,\"name\":\"Por que im\u00f3veis bem conservados vendem mais r\u00e1pido (e com melhor valor)\"}]},{\"@type\":\"WebSite\",\"@id\":\"https:\/\/www.avaliebem.com.br\/blog\/#website\",\"url\":\"https:\/\/www.avaliebem.com.br\/blog\/\",\"name\":\"Avalie Bem Im\u00f3veis\",\"description\":\"Onde cada im\u00f3vel conta uma hist\u00f3ria \u00fanica.\",\"potentialAction\":[{\"@type\":\"SearchAction\",\"target\":{\"@type\":\"EntryPoint\",\"urlTemplate\":\"https:\/\/www.avaliebem.com.br\/blog\/?s={search_term_string}\"},\"query-input\":{\"@type\":\"PropertyValueSpecification\",\"valueRequired\":true,\"valueName\":\"search_term_string\"}}],\"inLanguage\":\"pt-BR\"},{\"@type\":\"Person\",\"@id\":\"https:\/\/www.avaliebem.com.br\/blog\/#\/schema\/person\/1d359599c7269d8683b385de7ea94a11\",\"name\":\"Avalie Bem\",\"image\":{\"@type\":\"ImageObject\",\"inLanguage\":\"pt-BR\",\"@id\":\"https:\/\/www.avaliebem.com.br\/blog\/#\/schema\/person\/image\/\",\"url\":\"https:\/\/secure.gravatar.com\/avatar\/?s=96&d=mm&r=g\",\"contentUrl\":\"https:\/\/secure.gravatar.com\/avatar\/?s=96&d=mm&r=g\",\"caption\":\"Avalie Bem\"},\"url\":\"https:\/\/www.avaliebem.com.br\/blog\/author\/admin\/\"}]}<\/script>\n<!-- \/ Yoast SEO plugin. -->","yoast_head_json":{"title":"Im\u00f3veis bem conservados vendem mais r\u00e1pido e com melhor valor!","description":"Im\u00f3veis bem conservados vendem mais r\u00e1pido e com melhor valor. Entenda como a conserva\u00e7\u00e3o influencia a decis\u00e3o do comprador e a liquidez.","robots":{"index":"index","follow":"follow","max-snippet":"max-snippet:-1","max-image-preview":"max-image-preview:large","max-video-preview":"max-video-preview:-1"},"canonical":"https:\/\/www.avaliebem.com.br\/blog\/imoveis-bem-conservados-vendem-mais-rapido\/","og_locale":"pt_BR","og_type":"article","og_title":"Im\u00f3veis bem conservados vendem mais r\u00e1pido e com melhor valor!","og_description":"Im\u00f3veis bem conservados vendem mais r\u00e1pido e com melhor valor. Entenda como a conserva\u00e7\u00e3o influencia a decis\u00e3o do comprador e a liquidez.","og_url":"https:\/\/www.avaliebem.com.br\/blog\/imoveis-bem-conservados-vendem-mais-rapido\/","og_site_name":"Avalie Bem Im\u00f3veis","article_published_time":"2026-02-09T20:17:23+00:00","article_modified_time":"2026-02-09T20:20:29+00:00","og_image":[{"width":2187,"height":1553,"url":"https:\/\/www.avaliebem.com.br\/blog\/wp-content\/uploads\/2026\/02\/Artigo-Site-1.jpg","type":"image\/jpeg"}],"author":"Avalie Bem","twitter_card":"summary_large_image","twitter_misc":{"Escrito por":"Avalie Bem","Est. tempo de leitura":"4 minutos"},"schema":{"@context":"https:\/\/schema.org","@graph":[{"@type":"WebPage","@id":"https:\/\/www.avaliebem.com.br\/blog\/imoveis-bem-conservados-vendem-mais-rapido\/","url":"https:\/\/www.avaliebem.com.br\/blog\/imoveis-bem-conservados-vendem-mais-rapido\/","name":"Im\u00f3veis bem conservados vendem mais r\u00e1pido e com melhor valor!","isPartOf":{"@id":"https:\/\/www.avaliebem.com.br\/blog\/#website"},"primaryImageOfPage":{"@id":"https:\/\/www.avaliebem.com.br\/blog\/imoveis-bem-conservados-vendem-mais-rapido\/#primaryimage"},"image":{"@id":"https:\/\/www.avaliebem.com.br\/blog\/imoveis-bem-conservados-vendem-mais-rapido\/#primaryimage"},"thumbnailUrl":"https:\/\/www.avaliebem.com.br\/blog\/wp-content\/uploads\/2026\/02\/Artigo-Site-1.jpg","datePublished":"2026-02-09T20:17:23+00:00","dateModified":"2026-02-09T20:20:29+00:00","author":{"@id":"https:\/\/www.avaliebem.com.br\/blog\/#\/schema\/person\/1d359599c7269d8683b385de7ea94a11"},"description":"Im\u00f3veis bem conservados vendem mais r\u00e1pido e com melhor valor. Entenda como a conserva\u00e7\u00e3o influencia a decis\u00e3o do comprador e a liquidez.","breadcrumb":{"@id":"https:\/\/www.avaliebem.com.br\/blog\/imoveis-bem-conservados-vendem-mais-rapido\/#breadcrumb"},"inLanguage":"pt-BR","potentialAction":[{"@type":"ReadAction","target":["https:\/\/www.avaliebem.com.br\/blog\/imoveis-bem-conservados-vendem-mais-rapido\/"]}]},{"@type":"ImageObject","inLanguage":"pt-BR","@id":"https:\/\/www.avaliebem.com.br\/blog\/imoveis-bem-conservados-vendem-mais-rapido\/#primaryimage","url":"https:\/\/www.avaliebem.com.br\/blog\/wp-content\/uploads\/2026\/02\/Artigo-Site-1.jpg","contentUrl":"https:\/\/www.avaliebem.com.br\/blog\/wp-content\/uploads\/2026\/02\/Artigo-Site-1.jpg","width":2187,"height":1553,"caption":"Im\u00f3veis bem conservados transmitem seguran\u00e7a ao comprador e aumentam a velocidade e o valor da venda."},{"@type":"BreadcrumbList","@id":"https:\/\/www.avaliebem.com.br\/blog\/imoveis-bem-conservados-vendem-mais-rapido\/#breadcrumb","itemListElement":[{"@type":"ListItem","position":1,"name":"In\u00edcio","item":"https:\/\/www.avaliebem.com.br\/blog\/"},{"@type":"ListItem","position":2,"name":"Por que im\u00f3veis bem conservados vendem mais r\u00e1pido (e com melhor valor)"}]},{"@type":"WebSite","@id":"https:\/\/www.avaliebem.com.br\/blog\/#website","url":"https:\/\/www.avaliebem.com.br\/blog\/","name":"Avalie Bem Im\u00f3veis","description":"Onde cada im\u00f3vel conta uma hist\u00f3ria \u00fanica.","potentialAction":[{"@type":"SearchAction","target":{"@type":"EntryPoint","urlTemplate":"https:\/\/www.avaliebem.com.br\/blog\/?s={search_term_string}"},"query-input":{"@type":"PropertyValueSpecification","valueRequired":true,"valueName":"search_term_string"}}],"inLanguage":"pt-BR"},{"@type":"Person","@id":"https:\/\/www.avaliebem.com.br\/blog\/#\/schema\/person\/1d359599c7269d8683b385de7ea94a11","name":"Avalie Bem","image":{"@type":"ImageObject","inLanguage":"pt-BR","@id":"https:\/\/www.avaliebem.com.br\/blog\/#\/schema\/person\/image\/","url":"https:\/\/secure.gravatar.com\/avatar\/?s=96&d=mm&r=g","contentUrl":"https:\/\/secure.gravatar.com\/avatar\/?s=96&d=mm&r=g","caption":"Avalie Bem"},"url":"https:\/\/www.avaliebem.com.br\/blog\/author\/admin\/"}]}},"_links":{"self":[{"href":"https:\/\/www.avaliebem.com.br\/blog\/wp-json\/wp\/v2\/posts\/749","targetHints":{"allow":["GET"]}}],"collection":[{"href":"https:\/\/www.avaliebem.com.br\/blog\/wp-json\/wp\/v2\/posts"}],"about":[{"href":"https:\/\/www.avaliebem.com.br\/blog\/wp-json\/wp\/v2\/types\/post"}],"author":[{"embeddable":true,"href":"https:\/\/www.avaliebem.com.br\/blog\/wp-json\/wp\/v2\/users\/1"}],"replies":[{"embeddable":true,"href":"https:\/\/www.avaliebem.com.br\/blog\/wp-json\/wp\/v2\/comments?post=749"}],"version-history":[{"count":1,"href":"https:\/\/www.avaliebem.com.br\/blog\/wp-json\/wp\/v2\/posts\/749\/revisions"}],"predecessor-version":[{"id":751,"href":"https:\/\/www.avaliebem.com.br\/blog\/wp-json\/wp\/v2\/posts\/749\/revisions\/751"}],"wp:featuredmedia":[{"embeddable":true,"href":"https:\/\/www.avaliebem.com.br\/blog\/wp-json\/wp\/v2\/media\/752"}],"wp:attachment":[{"href":"https:\/\/www.avaliebem.com.br\/blog\/wp-json\/wp\/v2\/media?parent=749"}],"wp:term":[{"taxonomy":"category","embeddable":true,"href":"https:\/\/www.avaliebem.com.br\/blog\/wp-json\/wp\/v2\/categories?post=749"},{"taxonomy":"post_tag","embeddable":true,"href":"https:\/\/www.avaliebem.com.br\/blog\/wp-json\/wp\/v2\/tags?post=749"}],"curies":[{"name":"wp","href":"https:\/\/api.w.org\/{rel}","templated":true}]}}