{"id":736,"date":"2025-12-29T15:35:59","date_gmt":"2025-12-29T18:35:59","guid":{"rendered":"https:\/\/www.avaliebem.com.br\/blog\/?p=736"},"modified":"2025-12-29T16:07:15","modified_gmt":"2025-12-29T19:07:15","slug":"o-que-valoriza-um-imovel-alem-da-localizacao","status":"publish","type":"post","link":"https:\/\/www.avaliebem.com.br\/blog\/o-que-valoriza-um-imovel-alem-da-localizacao\/","title":{"rendered":"O que valoriza um im\u00f3vel: fatores al\u00e9m da localiza\u00e7\u00e3o"},"content":{"rendered":"\n<h2 class=\"wp-block-heading\"><strong>O que valoriza um im\u00f3vel al\u00e9m do endere\u00e7o<\/strong><\/h2>\n\n\n\n<p>Quando se fala em mercado imobili\u00e1rio, a localiza\u00e7\u00e3o costuma ser o primeiro crit\u00e9rio citado. No entanto, <strong>o que valoriza um im\u00f3vel<\/strong> vai muito al\u00e9m do bairro ou da rua onde ele est\u00e1 situado.<br>Im\u00f3veis semelhantes, na mesma regi\u00e3o, podem ter valores bastante diferentes \u2014 e isso acontece porque outros fatores influenciam diretamente o pre\u00e7o, a liquidez e o interesse do comprador.<\/p>\n\n\n\n<p>Entender esses elementos \u00e9 essencial para quem deseja comprar, vender ou investir de forma estrat\u00e9gica.<\/p>\n\n\n\n<figure class=\"wp-block-image size-large\"><img loading=\"lazy\" decoding=\"async\" width=\"1024\" height=\"456\" src=\"https:\/\/www.avaliebem.com.br\/blog\/wp-content\/uploads\/2025\/12\/Captura-de-tela-2025-12-29-145251-1024x456.png\" alt=\"\" class=\"wp-image-738\" srcset=\"https:\/\/www.avaliebem.com.br\/blog\/wp-content\/uploads\/2025\/12\/Captura-de-tela-2025-12-29-145251-1024x456.png 1024w, https:\/\/www.avaliebem.com.br\/blog\/wp-content\/uploads\/2025\/12\/Captura-de-tela-2025-12-29-145251-300x134.png 300w, https:\/\/www.avaliebem.com.br\/blog\/wp-content\/uploads\/2025\/12\/Captura-de-tela-2025-12-29-145251-768x342.png 768w, https:\/\/www.avaliebem.com.br\/blog\/wp-content\/uploads\/2025\/12\/Captura-de-tela-2025-12-29-145251-1536x684.png 1536w, https:\/\/www.avaliebem.com.br\/blog\/wp-content\/uploads\/2025\/12\/Captura-de-tela-2025-12-29-145251.png 1919w\" sizes=\"auto, (max-width: 1024px) 100vw, 1024px\" \/><figcaption class=\"wp-element-caption\">O que valoriza um im\u00f3vel al\u00e9m da localiza\u00e7\u00e3o: planta, infraestrutura, conserva\u00e7\u00e3o e conforto.<\/figcaption><\/figure>\n\n\n\n<hr class=\"wp-block-separator has-alpha-channel-opacity\"\/>\n\n\n\n<h2 class=\"wp-block-heading\"><strong>Planta e aproveitamento: fatores que valorizam um im\u00f3vel<\/strong><\/h2>\n\n\n\n<p>Entre os principais fatores que explicam <strong>o que valoriza um im\u00f3vel<\/strong>, a planta ocupa posi\u00e7\u00e3o de destaque. Ambientes bem distribu\u00eddos, integra\u00e7\u00e3o entre sala e cozinha, circula\u00e7\u00e3o funcional e boa ilumina\u00e7\u00e3o natural aumentam significativamente a atratividade.<\/p>\n\n\n\n<p>Al\u00e9m disso, plantas flex\u00edveis, que permitem adapta\u00e7\u00f5es ao estilo de vida atual, ampliam o p\u00fablico interessado e contribuem para uma venda mais r\u00e1pida.<\/p>\n\n\n\n<figure class=\"wp-block-image size-large\"><img loading=\"lazy\" decoding=\"async\" width=\"1024\" height=\"684\" src=\"https:\/\/www.avaliebem.com.br\/blog\/wp-content\/uploads\/2025\/12\/saiba-como-analisar-a-planta-de-um-imovel-antes-de-compra-lo-1024x684.jpg\" alt=\"\" class=\"wp-image-739\" srcset=\"https:\/\/www.avaliebem.com.br\/blog\/wp-content\/uploads\/2025\/12\/saiba-como-analisar-a-planta-de-um-imovel-antes-de-compra-lo-1024x684.jpg 1024w, https:\/\/www.avaliebem.com.br\/blog\/wp-content\/uploads\/2025\/12\/saiba-como-analisar-a-planta-de-um-imovel-antes-de-compra-lo-300x200.jpg 300w, https:\/\/www.avaliebem.com.br\/blog\/wp-content\/uploads\/2025\/12\/saiba-como-analisar-a-planta-de-um-imovel-antes-de-compra-lo-768x513.jpg 768w, https:\/\/www.avaliebem.com.br\/blog\/wp-content\/uploads\/2025\/12\/saiba-como-analisar-a-planta-de-um-imovel-antes-de-compra-lo.jpg 1200w\" sizes=\"auto, (max-width: 1024px) 100vw, 1024px\" \/><\/figure>\n\n\n\n<hr class=\"wp-block-separator has-alpha-channel-opacity\"\/>\n\n\n\n<h2 class=\"wp-block-heading\"><strong>Infraestrutura do pr\u00e9dio e valoriza\u00e7\u00e3o do im\u00f3vel<\/strong><\/h2>\n\n\n\n<p>Outro ponto determinante sobre <strong>o que valoriza um im\u00f3vel<\/strong> \u00e9 a infraestrutura do edif\u00edcio. Portaria qualificada, elevadores modernos, \u00e1reas de conviv\u00eancia bem cuidadas e espa\u00e7os funcionais fazem diferen\u00e7a na decis\u00e3o de compra.<\/p>\n\n\n\n<p>Hoje, muitos compradores avaliam o pr\u00e9dio como uma extens\u00e3o do pr\u00f3prio apartamento, especialmente em empreendimentos urbanos e de m\u00e9dio a alto padr\u00e3o.<\/p>\n\n\n\n<figure class=\"wp-block-image size-large\"><img loading=\"lazy\" decoding=\"async\" width=\"1024\" height=\"457\" src=\"https:\/\/www.avaliebem.com.br\/blog\/wp-content\/uploads\/2025\/12\/Captura-de-tela-2025-12-29-150644-1024x457.png\" alt=\"\" class=\"wp-image-740\" srcset=\"https:\/\/www.avaliebem.com.br\/blog\/wp-content\/uploads\/2025\/12\/Captura-de-tela-2025-12-29-150644-1024x457.png 1024w, https:\/\/www.avaliebem.com.br\/blog\/wp-content\/uploads\/2025\/12\/Captura-de-tela-2025-12-29-150644-300x134.png 300w, https:\/\/www.avaliebem.com.br\/blog\/wp-content\/uploads\/2025\/12\/Captura-de-tela-2025-12-29-150644-768x343.png 768w, https:\/\/www.avaliebem.com.br\/blog\/wp-content\/uploads\/2025\/12\/Captura-de-tela-2025-12-29-150644-1536x686.png 1536w, https:\/\/www.avaliebem.com.br\/blog\/wp-content\/uploads\/2025\/12\/Captura-de-tela-2025-12-29-150644.png 1918w\" sizes=\"auto, (max-width: 1024px) 100vw, 1024px\" \/><\/figure>\n\n\n\n<hr class=\"wp-block-separator has-alpha-channel-opacity\"\/>\n\n\n\n<h2 class=\"wp-block-heading\"><strong>Estado de conserva\u00e7\u00e3o e acabamentos<\/strong><\/h2>\n\n\n\n<p>Im\u00f3veis bem conservados transmitem seguran\u00e7a e reduzem a necessidade de investimentos imediatos. Por isso, tendem a ser mais valorizados.<\/p>\n\n\n\n<p>Reformas bem planejadas, especialmente em cozinhas e banheiros, podem elevar o valor de mercado, desde que respeitem o perfil do im\u00f3vel e do p\u00fablico comprador.<\/p>\n\n\n\n<hr class=\"wp-block-separator has-alpha-channel-opacity\"\/>\n\n\n\n<h2 class=\"wp-block-heading\"><strong>Vista, posi\u00e7\u00e3o solar e conforto<\/strong><\/h2>\n\n\n\n<p>Fatores como vista aberta, posi\u00e7\u00e3o solar favor\u00e1vel, ventila\u00e7\u00e3o cruzada e andar mais alto impactam diretamente a percep\u00e7\u00e3o de valor. Embora muitas vezes tratados como detalhes, esses elementos influenciam o conforto di\u00e1rio e, consequentemente, <strong>a valoriza\u00e7\u00e3o do im\u00f3vel<\/strong>.<\/p>\n\n\n\n<figure class=\"wp-block-image size-large\"><img loading=\"lazy\" decoding=\"async\" width=\"1024\" height=\"576\" src=\"https:\/\/www.avaliebem.com.br\/blog\/wp-content\/uploads\/2025\/12\/KOTA_MAI_CG_FACHADADETALHE_FULLHD-1-1024x576.png\" alt=\"\" class=\"wp-image-742\" srcset=\"https:\/\/www.avaliebem.com.br\/blog\/wp-content\/uploads\/2025\/12\/KOTA_MAI_CG_FACHADADETALHE_FULLHD-1-1024x576.png 1024w, https:\/\/www.avaliebem.com.br\/blog\/wp-content\/uploads\/2025\/12\/KOTA_MAI_CG_FACHADADETALHE_FULLHD-1-300x169.png 300w, https:\/\/www.avaliebem.com.br\/blog\/wp-content\/uploads\/2025\/12\/KOTA_MAI_CG_FACHADADETALHE_FULLHD-1-768x432.png 768w, https:\/\/www.avaliebem.com.br\/blog\/wp-content\/uploads\/2025\/12\/KOTA_MAI_CG_FACHADADETALHE_FULLHD-1-1536x864.png 1536w, https:\/\/www.avaliebem.com.br\/blog\/wp-content\/uploads\/2025\/12\/KOTA_MAI_CG_FACHADADETALHE_FULLHD-1.png 1920w\" sizes=\"auto, (max-width: 1024px) 100vw, 1024px\" \/><\/figure>\n\n\n\n<hr class=\"wp-block-separator has-alpha-channel-opacity\"\/>\n\n\n\n<h2 class=\"wp-block-heading\"><strong>Perfil do p\u00fablico e liquidez<\/strong><\/h2>\n\n\n\n<p>Entender para quem o im\u00f3vel \u00e9 adequado tamb\u00e9m faz parte da an\u00e1lise sobre <strong>o que valoriza um im\u00f3vel<\/strong>. Um apartamento compacto e bem localizado pode ter mais liquidez do que um im\u00f3vel maior, por\u00e9m desalinhado ao perfil do comprador da regi\u00e3o.<\/p>\n\n\n\n<p>Esse equil\u00edbrio entre produto, localiza\u00e7\u00e3o e p\u00fablico \u00e9 essencial para uma precifica\u00e7\u00e3o correta.<\/p>\n\n\n\n<hr class=\"wp-block-separator has-alpha-channel-opacity\"\/>\n\n\n\n<h2 class=\"wp-block-heading\"><strong>Conclus\u00e3o<\/strong><\/h2>\n\n\n\n<p>A localiza\u00e7\u00e3o continua sendo importante, mas est\u00e1 longe de ser o \u00fanico fator determinante. Planta, infraestrutura, conserva\u00e7\u00e3o, conforto e alinhamento com o p\u00fablico comprador s\u00e3o elementos decisivos na valoriza\u00e7\u00e3o e na liquidez.<\/p>\n\n\n\n<p>Na <a href=\"https:\/\/www.avaliebem.com.br\/\">Avalie Bem Im\u00f3veis<\/a>, essa an\u00e1lise faz parte do nosso trabalho di\u00e1rio, garantindo negocia\u00e7\u00f5es seguras e alinhadas ao mercado.<\/p>\n\n\n\n<p>\u27a1\ufe0f Para entender melhor o valor do seu im\u00f3vel ou encontrar oportunidades bem posicionadas, fale com nossa equipe pelo <a href=\"https:\/\/www.avaliebem.com.br\/contato\/\">contato<\/a>.<\/p>\n","protected":false},"excerpt":{"rendered":"<p>O que valoriza um im\u00f3vel al\u00e9m do endere\u00e7o Quando se fala em mercado imobili\u00e1rio, a localiza\u00e7\u00e3o costuma ser o primeiro crit\u00e9rio citado. No entanto, o que valoriza um im\u00f3vel vai [&hellip;]<\/p>\n","protected":false},"author":1,"featured_media":747,"comment_status":"open","ping_status":"open","sticky":false,"template":"","format":"standard","meta":{"inline_featured_image":false,"footnotes":""},"categories":[82],"tags":[],"class_list":["post-736","post","type-post","status-publish","format-standard","has-post-thumbnail","hentry","category-dicas"],"yoast_head":"<!-- This site is optimized with the Yoast SEO plugin v23.4 - https:\/\/yoast.com\/wordpress\/plugins\/seo\/ -->\n<title>O que valoriza um im\u00f3vel: fatores al\u00e9m da localiza\u00e7\u00e3o<\/title>\n<meta name=\"description\" content=\"Entenda o que realmente valoriza um im\u00f3vel al\u00e9m da localiza\u00e7\u00e3o e descubra os fatores que influenciam pre\u00e7o, liquidez e decis\u00e3o de compra.\" \/>\n<meta name=\"robots\" content=\"index, follow, max-snippet:-1, max-image-preview:large, max-video-preview:-1\" \/>\n<link rel=\"canonical\" href=\"https:\/\/www.avaliebem.com.br\/blog\/o-que-valoriza-um-imovel-alem-da-localizacao\/\" \/>\n<meta property=\"og:locale\" content=\"pt_BR\" \/>\n<meta property=\"og:type\" content=\"article\" \/>\n<meta property=\"og:title\" content=\"O que valoriza um im\u00f3vel: fatores al\u00e9m da localiza\u00e7\u00e3o\" \/>\n<meta property=\"og:description\" content=\"Entenda o que realmente valoriza um im\u00f3vel al\u00e9m da localiza\u00e7\u00e3o e descubra os fatores que influenciam pre\u00e7o, liquidez e decis\u00e3o de compra.\" \/>\n<meta property=\"og:url\" content=\"https:\/\/www.avaliebem.com.br\/blog\/o-que-valoriza-um-imovel-alem-da-localizacao\/\" \/>\n<meta property=\"og:site_name\" content=\"Avalie Bem Im\u00f3veis\" \/>\n<meta property=\"article:published_time\" content=\"2025-12-29T18:35:59+00:00\" \/>\n<meta property=\"article:modified_time\" content=\"2025-12-29T19:07:15+00:00\" \/>\n<meta property=\"og:image\" content=\"https:\/\/www.avaliebem.com.br\/blog\/wp-content\/uploads\/2025\/12\/Artigo-site-Avalie-Bem-9.jpg\" \/>\n\t<meta property=\"og:image:width\" content=\"700\" \/>\n\t<meta property=\"og:image:height\" content=\"497\" \/>\n\t<meta property=\"og:image:type\" content=\"image\/jpeg\" \/>\n<meta name=\"author\" content=\"Avalie Bem\" \/>\n<meta name=\"twitter:card\" content=\"summary_large_image\" \/>\n<meta name=\"twitter:label1\" content=\"Escrito por\" \/>\n\t<meta name=\"twitter:data1\" content=\"Avalie Bem\" \/>\n\t<meta name=\"twitter:label2\" content=\"Est. tempo de leitura\" \/>\n\t<meta name=\"twitter:data2\" content=\"4 minutos\" \/>\n<script type=\"application\/ld+json\" class=\"yoast-schema-graph\">{\"@context\":\"https:\/\/schema.org\",\"@graph\":[{\"@type\":\"WebPage\",\"@id\":\"https:\/\/www.avaliebem.com.br\/blog\/o-que-valoriza-um-imovel-alem-da-localizacao\/\",\"url\":\"https:\/\/www.avaliebem.com.br\/blog\/o-que-valoriza-um-imovel-alem-da-localizacao\/\",\"name\":\"O que valoriza um im\u00f3vel: fatores al\u00e9m da localiza\u00e7\u00e3o\",\"isPartOf\":{\"@id\":\"https:\/\/www.avaliebem.com.br\/blog\/#website\"},\"primaryImageOfPage\":{\"@id\":\"https:\/\/www.avaliebem.com.br\/blog\/o-que-valoriza-um-imovel-alem-da-localizacao\/#primaryimage\"},\"image\":{\"@id\":\"https:\/\/www.avaliebem.com.br\/blog\/o-que-valoriza-um-imovel-alem-da-localizacao\/#primaryimage\"},\"thumbnailUrl\":\"https:\/\/www.avaliebem.com.br\/blog\/wp-content\/uploads\/2025\/12\/Artigo-site-Avalie-Bem-9.jpg\",\"datePublished\":\"2025-12-29T18:35:59+00:00\",\"dateModified\":\"2025-12-29T19:07:15+00:00\",\"author\":{\"@id\":\"https:\/\/www.avaliebem.com.br\/blog\/#\/schema\/person\/1d359599c7269d8683b385de7ea94a11\"},\"description\":\"Entenda o que realmente valoriza um im\u00f3vel al\u00e9m da localiza\u00e7\u00e3o e descubra os fatores que influenciam pre\u00e7o, liquidez e decis\u00e3o de compra.\",\"breadcrumb\":{\"@id\":\"https:\/\/www.avaliebem.com.br\/blog\/o-que-valoriza-um-imovel-alem-da-localizacao\/#breadcrumb\"},\"inLanguage\":\"pt-BR\",\"potentialAction\":[{\"@type\":\"ReadAction\",\"target\":[\"https:\/\/www.avaliebem.com.br\/blog\/o-que-valoriza-um-imovel-alem-da-localizacao\/\"]}]},{\"@type\":\"ImageObject\",\"inLanguage\":\"pt-BR\",\"@id\":\"https:\/\/www.avaliebem.com.br\/blog\/o-que-valoriza-um-imovel-alem-da-localizacao\/#primaryimage\",\"url\":\"https:\/\/www.avaliebem.com.br\/blog\/wp-content\/uploads\/2025\/12\/Artigo-site-Avalie-Bem-9.jpg\",\"contentUrl\":\"https:\/\/www.avaliebem.com.br\/blog\/wp-content\/uploads\/2025\/12\/Artigo-site-Avalie-Bem-9.jpg\",\"width\":700,\"height\":497,\"caption\":\"O que valoriza um im\u00f3vel al\u00e9m da localiza\u00e7\u00e3o: planta, infraestrutura, conserva\u00e7\u00e3o e conforto.\"},{\"@type\":\"BreadcrumbList\",\"@id\":\"https:\/\/www.avaliebem.com.br\/blog\/o-que-valoriza-um-imovel-alem-da-localizacao\/#breadcrumb\",\"itemListElement\":[{\"@type\":\"ListItem\",\"position\":1,\"name\":\"In\u00edcio\",\"item\":\"https:\/\/www.avaliebem.com.br\/blog\/\"},{\"@type\":\"ListItem\",\"position\":2,\"name\":\"O que valoriza um im\u00f3vel: fatores al\u00e9m da localiza\u00e7\u00e3o\"}]},{\"@type\":\"WebSite\",\"@id\":\"https:\/\/www.avaliebem.com.br\/blog\/#website\",\"url\":\"https:\/\/www.avaliebem.com.br\/blog\/\",\"name\":\"Avalie Bem Im\u00f3veis\",\"description\":\"Onde cada im\u00f3vel conta uma hist\u00f3ria \u00fanica.\",\"potentialAction\":[{\"@type\":\"SearchAction\",\"target\":{\"@type\":\"EntryPoint\",\"urlTemplate\":\"https:\/\/www.avaliebem.com.br\/blog\/?s={search_term_string}\"},\"query-input\":{\"@type\":\"PropertyValueSpecification\",\"valueRequired\":true,\"valueName\":\"search_term_string\"}}],\"inLanguage\":\"pt-BR\"},{\"@type\":\"Person\",\"@id\":\"https:\/\/www.avaliebem.com.br\/blog\/#\/schema\/person\/1d359599c7269d8683b385de7ea94a11\",\"name\":\"Avalie Bem\",\"image\":{\"@type\":\"ImageObject\",\"inLanguage\":\"pt-BR\",\"@id\":\"https:\/\/www.avaliebem.com.br\/blog\/#\/schema\/person\/image\/\",\"url\":\"https:\/\/secure.gravatar.com\/avatar\/?s=96&d=mm&r=g\",\"contentUrl\":\"https:\/\/secure.gravatar.com\/avatar\/?s=96&d=mm&r=g\",\"caption\":\"Avalie Bem\"},\"url\":\"https:\/\/www.avaliebem.com.br\/blog\/author\/admin\/\"}]}<\/script>\n<!-- \/ Yoast SEO plugin. -->","yoast_head_json":{"title":"O que valoriza um im\u00f3vel: fatores al\u00e9m da localiza\u00e7\u00e3o","description":"Entenda o que realmente valoriza um im\u00f3vel al\u00e9m da localiza\u00e7\u00e3o e descubra os fatores que influenciam pre\u00e7o, liquidez e decis\u00e3o de compra.","robots":{"index":"index","follow":"follow","max-snippet":"max-snippet:-1","max-image-preview":"max-image-preview:large","max-video-preview":"max-video-preview:-1"},"canonical":"https:\/\/www.avaliebem.com.br\/blog\/o-que-valoriza-um-imovel-alem-da-localizacao\/","og_locale":"pt_BR","og_type":"article","og_title":"O que valoriza um im\u00f3vel: fatores al\u00e9m da localiza\u00e7\u00e3o","og_description":"Entenda o que realmente valoriza um im\u00f3vel al\u00e9m da localiza\u00e7\u00e3o e descubra os fatores que influenciam pre\u00e7o, liquidez e decis\u00e3o de compra.","og_url":"https:\/\/www.avaliebem.com.br\/blog\/o-que-valoriza-um-imovel-alem-da-localizacao\/","og_site_name":"Avalie Bem Im\u00f3veis","article_published_time":"2025-12-29T18:35:59+00:00","article_modified_time":"2025-12-29T19:07:15+00:00","og_image":[{"width":700,"height":497,"url":"https:\/\/www.avaliebem.com.br\/blog\/wp-content\/uploads\/2025\/12\/Artigo-site-Avalie-Bem-9.jpg","type":"image\/jpeg"}],"author":"Avalie Bem","twitter_card":"summary_large_image","twitter_misc":{"Escrito por":"Avalie Bem","Est. tempo de leitura":"4 minutos"},"schema":{"@context":"https:\/\/schema.org","@graph":[{"@type":"WebPage","@id":"https:\/\/www.avaliebem.com.br\/blog\/o-que-valoriza-um-imovel-alem-da-localizacao\/","url":"https:\/\/www.avaliebem.com.br\/blog\/o-que-valoriza-um-imovel-alem-da-localizacao\/","name":"O que valoriza um im\u00f3vel: fatores al\u00e9m da localiza\u00e7\u00e3o","isPartOf":{"@id":"https:\/\/www.avaliebem.com.br\/blog\/#website"},"primaryImageOfPage":{"@id":"https:\/\/www.avaliebem.com.br\/blog\/o-que-valoriza-um-imovel-alem-da-localizacao\/#primaryimage"},"image":{"@id":"https:\/\/www.avaliebem.com.br\/blog\/o-que-valoriza-um-imovel-alem-da-localizacao\/#primaryimage"},"thumbnailUrl":"https:\/\/www.avaliebem.com.br\/blog\/wp-content\/uploads\/2025\/12\/Artigo-site-Avalie-Bem-9.jpg","datePublished":"2025-12-29T18:35:59+00:00","dateModified":"2025-12-29T19:07:15+00:00","author":{"@id":"https:\/\/www.avaliebem.com.br\/blog\/#\/schema\/person\/1d359599c7269d8683b385de7ea94a11"},"description":"Entenda o que realmente valoriza um im\u00f3vel al\u00e9m da localiza\u00e7\u00e3o e descubra os fatores que influenciam pre\u00e7o, liquidez e decis\u00e3o de compra.","breadcrumb":{"@id":"https:\/\/www.avaliebem.com.br\/blog\/o-que-valoriza-um-imovel-alem-da-localizacao\/#breadcrumb"},"inLanguage":"pt-BR","potentialAction":[{"@type":"ReadAction","target":["https:\/\/www.avaliebem.com.br\/blog\/o-que-valoriza-um-imovel-alem-da-localizacao\/"]}]},{"@type":"ImageObject","inLanguage":"pt-BR","@id":"https:\/\/www.avaliebem.com.br\/blog\/o-que-valoriza-um-imovel-alem-da-localizacao\/#primaryimage","url":"https:\/\/www.avaliebem.com.br\/blog\/wp-content\/uploads\/2025\/12\/Artigo-site-Avalie-Bem-9.jpg","contentUrl":"https:\/\/www.avaliebem.com.br\/blog\/wp-content\/uploads\/2025\/12\/Artigo-site-Avalie-Bem-9.jpg","width":700,"height":497,"caption":"O que valoriza um im\u00f3vel al\u00e9m da localiza\u00e7\u00e3o: planta, infraestrutura, conserva\u00e7\u00e3o e conforto."},{"@type":"BreadcrumbList","@id":"https:\/\/www.avaliebem.com.br\/blog\/o-que-valoriza-um-imovel-alem-da-localizacao\/#breadcrumb","itemListElement":[{"@type":"ListItem","position":1,"name":"In\u00edcio","item":"https:\/\/www.avaliebem.com.br\/blog\/"},{"@type":"ListItem","position":2,"name":"O que valoriza um im\u00f3vel: fatores al\u00e9m da localiza\u00e7\u00e3o"}]},{"@type":"WebSite","@id":"https:\/\/www.avaliebem.com.br\/blog\/#website","url":"https:\/\/www.avaliebem.com.br\/blog\/","name":"Avalie Bem Im\u00f3veis","description":"Onde cada im\u00f3vel conta uma hist\u00f3ria \u00fanica.","potentialAction":[{"@type":"SearchAction","target":{"@type":"EntryPoint","urlTemplate":"https:\/\/www.avaliebem.com.br\/blog\/?s={search_term_string}"},"query-input":{"@type":"PropertyValueSpecification","valueRequired":true,"valueName":"search_term_string"}}],"inLanguage":"pt-BR"},{"@type":"Person","@id":"https:\/\/www.avaliebem.com.br\/blog\/#\/schema\/person\/1d359599c7269d8683b385de7ea94a11","name":"Avalie Bem","image":{"@type":"ImageObject","inLanguage":"pt-BR","@id":"https:\/\/www.avaliebem.com.br\/blog\/#\/schema\/person\/image\/","url":"https:\/\/secure.gravatar.com\/avatar\/?s=96&d=mm&r=g","contentUrl":"https:\/\/secure.gravatar.com\/avatar\/?s=96&d=mm&r=g","caption":"Avalie Bem"},"url":"https:\/\/www.avaliebem.com.br\/blog\/author\/admin\/"}]}},"_links":{"self":[{"href":"https:\/\/www.avaliebem.com.br\/blog\/wp-json\/wp\/v2\/posts\/736","targetHints":{"allow":["GET"]}}],"collection":[{"href":"https:\/\/www.avaliebem.com.br\/blog\/wp-json\/wp\/v2\/posts"}],"about":[{"href":"https:\/\/www.avaliebem.com.br\/blog\/wp-json\/wp\/v2\/types\/post"}],"author":[{"embeddable":true,"href":"https:\/\/www.avaliebem.com.br\/blog\/wp-json\/wp\/v2\/users\/1"}],"replies":[{"embeddable":true,"href":"https:\/\/www.avaliebem.com.br\/blog\/wp-json\/wp\/v2\/comments?post=736"}],"version-history":[{"count":1,"href":"https:\/\/www.avaliebem.com.br\/blog\/wp-json\/wp\/v2\/posts\/736\/revisions"}],"predecessor-version":[{"id":743,"href":"https:\/\/www.avaliebem.com.br\/blog\/wp-json\/wp\/v2\/posts\/736\/revisions\/743"}],"wp:featuredmedia":[{"embeddable":true,"href":"https:\/\/www.avaliebem.com.br\/blog\/wp-json\/wp\/v2\/media\/747"}],"wp:attachment":[{"href":"https:\/\/www.avaliebem.com.br\/blog\/wp-json\/wp\/v2\/media?parent=736"}],"wp:term":[{"taxonomy":"category","embeddable":true,"href":"https:\/\/www.avaliebem.com.br\/blog\/wp-json\/wp\/v2\/categories?post=736"},{"taxonomy":"post_tag","embeddable":true,"href":"https:\/\/www.avaliebem.com.br\/blog\/wp-json\/wp\/v2\/tags?post=736"}],"curies":[{"name":"wp","href":"https:\/\/api.w.org\/{rel}","templated":true}]}}