{"id":731,"date":"2025-10-14T11:03:05","date_gmt":"2025-10-14T14:03:05","guid":{"rendered":"https:\/\/www.avaliebem.com.br\/blog\/?p=731"},"modified":"2025-10-14T11:05:20","modified_gmt":"2025-10-14T14:05:20","slug":"espacos-hibridos-morar-trabalhar","status":"publish","type":"post","link":"https:\/\/www.avaliebem.com.br\/blog\/espacos-hibridos-morar-trabalhar\/","title":{"rendered":"Espa\u00e7os h\u00edbridos: morar e trabalhar no mesmo lugar"},"content":{"rendered":"\n<h2 class=\"wp-block-heading\"><strong>O novo conceito de morar bem<\/strong><\/h2>\n\n\n\n<p>Nos \u00faltimos anos, os <strong>espa\u00e7os h\u00edbridos<\/strong> se consolidaram como uma forte tend\u00eancia no mercado imobili\u00e1rio. A ideia de <strong>morar e trabalhar no mesmo lugar<\/strong> ganhou for\u00e7a ap\u00f3s o crescimento do home office e a busca por mais qualidade de vida.<br>Hoje, apartamentos modernos unem conforto, praticidade e tecnologia para atender tanto \u00e0 vida pessoal quanto profissional \u2014 uma combina\u00e7\u00e3o que valoriza o im\u00f3vel e transforma o cotidiano.<\/p>\n\n\n\n<hr class=\"wp-block-separator has-alpha-channel-opacity\"\/>\n\n\n\n<h2 class=\"wp-block-heading\"><strong>Por que os espa\u00e7os h\u00edbridos est\u00e3o em alta?<\/strong><\/h2>\n\n\n\n<p>O estilo de vida urbano mudou. As pessoas querem mais tempo livre, menos deslocamentos e ambientes flex\u00edveis. Por isso, os <strong>espa\u00e7os h\u00edbridos<\/strong> \u2014 tamb\u00e9m chamados de <strong>ambientes multifuncionais<\/strong> \u2014 est\u00e3o cada vez mais procurados.<br>Al\u00e9m disso, arquitetos e construtoras passaram a projetar plantas inteligentes, com <strong>moradias h\u00edbridas<\/strong> que unem trabalho e lazer no mesmo local.<\/p>\n\n\n\n<hr class=\"wp-block-separator has-alpha-channel-opacity\"\/>\n\n\n\n<h2 class=\"wp-block-heading\"><strong>Como os empreendimentos est\u00e3o se adaptando aos espa\u00e7os h\u00edbridos<\/strong><\/h2>\n\n\n\n<p>Os novos condom\u00ednios oferecem <strong>salas de coworking<\/strong>, <strong>espa\u00e7os de conviv\u00eancia<\/strong> e <strong>\u00e1reas de lazer integradas<\/strong>. Esses ambientes atendem tanto \u00e0 rotina profissional quanto aos momentos de descanso, fortalecendo o conceito de viver tudo em um s\u00f3 lugar.<\/p>\n\n\n\n<p>Um exemplo claro \u00e9 a atua\u00e7\u00e3o da <a href=\"https:\/\/www.avaliebem.com.br\/home\">Avalie Bem Im\u00f3veis<\/a>, que comercializa empreendimentos com plantas vers\u00e1teis e infraestrutura completa \u2014 ideais para quem busca praticidade e valoriza\u00e7\u00e3o.<\/p>\n\n\n\n<hr class=\"wp-block-separator has-alpha-channel-opacity\"\/>\n\n\n\n<h2 class=\"wp-block-heading\"><strong>Vantagens dos espa\u00e7os h\u00edbridos<\/strong><\/h2>\n\n\n\n<ul class=\"wp-block-list\">\n<li><strong>Mais produtividade:<\/strong> ambientes planejados facilitam a concentra\u00e7\u00e3o e reduzem o estresse.<\/li>\n\n\n\n<li><strong>Economia de tempo:<\/strong> elimina deslocamentos e aumenta o tempo para o lazer.<\/li>\n\n\n\n<li><strong>Melhor aproveitamento do espa\u00e7o:<\/strong> m\u00f3veis funcionais tornam o ambiente din\u00e2mico.<\/li>\n\n\n\n<li><strong>Valoriza\u00e7\u00e3o do im\u00f3vel:<\/strong> im\u00f3veis com conceito h\u00edbrido t\u00eam maior procura e rentabilidade.<\/li>\n<\/ul>\n\n\n\n<hr class=\"wp-block-separator has-alpha-channel-opacity\"\/>\n\n\n\n<h2 class=\"wp-block-heading\"><strong>Conclus\u00e3o<\/strong><\/h2>\n\n\n\n<p>Os <strong>espa\u00e7os h\u00edbridos<\/strong> s\u00e3o mais do que uma tend\u00eancia \u2014 representam uma nova forma de viver.<br>Morar e trabalhar no mesmo lugar \u00e9 sin\u00f4nimo de equil\u00edbrio, praticidade e conforto.<\/p>\n\n\n\n<p>Na <a href=\"https:\/\/www.avaliebem.com.br\/\">Avalie Bem Im\u00f3veis<\/a>, acompanhamos de perto essas transforma\u00e7\u00f5es e oferecemos im\u00f3veis que unem funcionalidade e sofistica\u00e7\u00e3o.<\/p>\n\n\n\n<p>\u27a1\ufe0f Entre em <a href=\"https:\/\/www.avaliebem.com.br\/contato\/\">contato conosco<\/a> e descubra como viver essa tend\u00eancia com conforto e estilo.<\/p>\n\n\n\n<p><\/p>\n","protected":false},"excerpt":{"rendered":"<p>O novo conceito de morar bem Nos \u00faltimos anos, os espa\u00e7os h\u00edbridos se consolidaram como uma forte tend\u00eancia no mercado imobili\u00e1rio. A ideia de morar e trabalhar no mesmo lugar [&hellip;]<\/p>\n","protected":false},"author":1,"featured_media":734,"comment_status":"open","ping_status":"open","sticky":false,"template":"","format":"standard","meta":{"inline_featured_image":false,"footnotes":""},"categories":[1],"tags":[],"class_list":["post-731","post","type-post","status-publish","format-standard","has-post-thumbnail","hentry","category-sem-categoria"],"yoast_head":"<!-- This site is optimized with the Yoast SEO plugin v23.4 - https:\/\/yoast.com\/wordpress\/plugins\/seo\/ -->\n<title>Espa\u00e7os h\u00edbridos: morar e trabalhar no mesmo lugar<\/title>\n<meta name=\"description\" content=\"Descubra como os espa\u00e7os h\u00edbridos est\u00e3o transformando o jeito de morar e trabalhar em um s\u00f3 lugar.\" \/>\n<meta name=\"robots\" content=\"index, follow, max-snippet:-1, max-image-preview:large, max-video-preview:-1\" \/>\n<link rel=\"canonical\" href=\"https:\/\/www.avaliebem.com.br\/blog\/espacos-hibridos-morar-trabalhar\/\" \/>\n<meta property=\"og:locale\" content=\"pt_BR\" \/>\n<meta property=\"og:type\" content=\"article\" \/>\n<meta property=\"og:title\" content=\"Espa\u00e7os h\u00edbridos: morar e trabalhar no mesmo lugar\" \/>\n<meta property=\"og:description\" content=\"Descubra como os espa\u00e7os h\u00edbridos est\u00e3o transformando o jeito de morar e trabalhar em um s\u00f3 lugar.\" \/>\n<meta property=\"og:url\" content=\"https:\/\/www.avaliebem.com.br\/blog\/espacos-hibridos-morar-trabalhar\/\" \/>\n<meta property=\"og:site_name\" content=\"Avalie Bem Im\u00f3veis\" \/>\n<meta property=\"article:published_time\" content=\"2025-10-14T14:03:05+00:00\" \/>\n<meta property=\"article:modified_time\" content=\"2025-10-14T14:05:20+00:00\" \/>\n<meta property=\"og:image\" content=\"https:\/\/www.avaliebem.com.br\/blog\/wp-content\/uploads\/2025\/10\/Artigo-09-Site-1.jpg\" \/>\n\t<meta property=\"og:image:width\" content=\"2188\" \/>\n\t<meta property=\"og:image:height\" content=\"1553\" \/>\n\t<meta property=\"og:image:type\" content=\"image\/jpeg\" \/>\n<meta name=\"author\" content=\"Avalie Bem\" \/>\n<meta name=\"twitter:card\" content=\"summary_large_image\" \/>\n<meta name=\"twitter:label1\" content=\"Escrito por\" \/>\n\t<meta name=\"twitter:data1\" content=\"Avalie Bem\" \/>\n\t<meta name=\"twitter:label2\" content=\"Est. tempo de leitura\" \/>\n\t<meta name=\"twitter:data2\" content=\"2 minutos\" \/>\n<script type=\"application\/ld+json\" class=\"yoast-schema-graph\">{\"@context\":\"https:\/\/schema.org\",\"@graph\":[{\"@type\":\"WebPage\",\"@id\":\"https:\/\/www.avaliebem.com.br\/blog\/espacos-hibridos-morar-trabalhar\/\",\"url\":\"https:\/\/www.avaliebem.com.br\/blog\/espacos-hibridos-morar-trabalhar\/\",\"name\":\"Espa\u00e7os h\u00edbridos: morar e trabalhar no mesmo lugar\",\"isPartOf\":{\"@id\":\"https:\/\/www.avaliebem.com.br\/blog\/#website\"},\"primaryImageOfPage\":{\"@id\":\"https:\/\/www.avaliebem.com.br\/blog\/espacos-hibridos-morar-trabalhar\/#primaryimage\"},\"image\":{\"@id\":\"https:\/\/www.avaliebem.com.br\/blog\/espacos-hibridos-morar-trabalhar\/#primaryimage\"},\"thumbnailUrl\":\"https:\/\/www.avaliebem.com.br\/blog\/wp-content\/uploads\/2025\/10\/Artigo-09-Site-1.jpg\",\"datePublished\":\"2025-10-14T14:03:05+00:00\",\"dateModified\":\"2025-10-14T14:05:20+00:00\",\"author\":{\"@id\":\"https:\/\/www.avaliebem.com.br\/blog\/#\/schema\/person\/1d359599c7269d8683b385de7ea94a11\"},\"description\":\"Descubra como os espa\u00e7os h\u00edbridos est\u00e3o transformando o jeito de morar e trabalhar em um s\u00f3 lugar.\",\"breadcrumb\":{\"@id\":\"https:\/\/www.avaliebem.com.br\/blog\/espacos-hibridos-morar-trabalhar\/#breadcrumb\"},\"inLanguage\":\"pt-BR\",\"potentialAction\":[{\"@type\":\"ReadAction\",\"target\":[\"https:\/\/www.avaliebem.com.br\/blog\/espacos-hibridos-morar-trabalhar\/\"]}]},{\"@type\":\"ImageObject\",\"inLanguage\":\"pt-BR\",\"@id\":\"https:\/\/www.avaliebem.com.br\/blog\/espacos-hibridos-morar-trabalhar\/#primaryimage\",\"url\":\"https:\/\/www.avaliebem.com.br\/blog\/wp-content\/uploads\/2025\/10\/Artigo-09-Site-1.jpg\",\"contentUrl\":\"https:\/\/www.avaliebem.com.br\/blog\/wp-content\/uploads\/2025\/10\/Artigo-09-Site-1.jpg\",\"width\":2188,\"height\":1553,\"caption\":\"Espa\u00e7os h\u00edbridos que unem moradia e trabalho em um mesmo ambiente moderno e funcional.\"},{\"@type\":\"BreadcrumbList\",\"@id\":\"https:\/\/www.avaliebem.com.br\/blog\/espacos-hibridos-morar-trabalhar\/#breadcrumb\",\"itemListElement\":[{\"@type\":\"ListItem\",\"position\":1,\"name\":\"In\u00edcio\",\"item\":\"https:\/\/www.avaliebem.com.br\/blog\/\"},{\"@type\":\"ListItem\",\"position\":2,\"name\":\"Espa\u00e7os h\u00edbridos: morar e trabalhar no mesmo lugar\"}]},{\"@type\":\"WebSite\",\"@id\":\"https:\/\/www.avaliebem.com.br\/blog\/#website\",\"url\":\"https:\/\/www.avaliebem.com.br\/blog\/\",\"name\":\"Avalie Bem Im\u00f3veis\",\"description\":\"Onde cada im\u00f3vel conta uma hist\u00f3ria \u00fanica.\",\"potentialAction\":[{\"@type\":\"SearchAction\",\"target\":{\"@type\":\"EntryPoint\",\"urlTemplate\":\"https:\/\/www.avaliebem.com.br\/blog\/?s={search_term_string}\"},\"query-input\":{\"@type\":\"PropertyValueSpecification\",\"valueRequired\":true,\"valueName\":\"search_term_string\"}}],\"inLanguage\":\"pt-BR\"},{\"@type\":\"Person\",\"@id\":\"https:\/\/www.avaliebem.com.br\/blog\/#\/schema\/person\/1d359599c7269d8683b385de7ea94a11\",\"name\":\"Avalie Bem\",\"image\":{\"@type\":\"ImageObject\",\"inLanguage\":\"pt-BR\",\"@id\":\"https:\/\/www.avaliebem.com.br\/blog\/#\/schema\/person\/image\/\",\"url\":\"https:\/\/secure.gravatar.com\/avatar\/?s=96&d=mm&r=g\",\"contentUrl\":\"https:\/\/secure.gravatar.com\/avatar\/?s=96&d=mm&r=g\",\"caption\":\"Avalie Bem\"},\"url\":\"https:\/\/www.avaliebem.com.br\/blog\/author\/admin\/\"}]}<\/script>\n<!-- \/ Yoast SEO plugin. -->","yoast_head_json":{"title":"Espa\u00e7os h\u00edbridos: morar e trabalhar no mesmo lugar","description":"Descubra como os espa\u00e7os h\u00edbridos est\u00e3o transformando o jeito de morar e trabalhar em um s\u00f3 lugar.","robots":{"index":"index","follow":"follow","max-snippet":"max-snippet:-1","max-image-preview":"max-image-preview:large","max-video-preview":"max-video-preview:-1"},"canonical":"https:\/\/www.avaliebem.com.br\/blog\/espacos-hibridos-morar-trabalhar\/","og_locale":"pt_BR","og_type":"article","og_title":"Espa\u00e7os h\u00edbridos: morar e trabalhar no mesmo lugar","og_description":"Descubra como os espa\u00e7os h\u00edbridos est\u00e3o transformando o jeito de morar e trabalhar em um s\u00f3 lugar.","og_url":"https:\/\/www.avaliebem.com.br\/blog\/espacos-hibridos-morar-trabalhar\/","og_site_name":"Avalie Bem Im\u00f3veis","article_published_time":"2025-10-14T14:03:05+00:00","article_modified_time":"2025-10-14T14:05:20+00:00","og_image":[{"width":2188,"height":1553,"url":"https:\/\/www.avaliebem.com.br\/blog\/wp-content\/uploads\/2025\/10\/Artigo-09-Site-1.jpg","type":"image\/jpeg"}],"author":"Avalie Bem","twitter_card":"summary_large_image","twitter_misc":{"Escrito por":"Avalie Bem","Est. tempo de leitura":"2 minutos"},"schema":{"@context":"https:\/\/schema.org","@graph":[{"@type":"WebPage","@id":"https:\/\/www.avaliebem.com.br\/blog\/espacos-hibridos-morar-trabalhar\/","url":"https:\/\/www.avaliebem.com.br\/blog\/espacos-hibridos-morar-trabalhar\/","name":"Espa\u00e7os h\u00edbridos: morar e trabalhar no mesmo lugar","isPartOf":{"@id":"https:\/\/www.avaliebem.com.br\/blog\/#website"},"primaryImageOfPage":{"@id":"https:\/\/www.avaliebem.com.br\/blog\/espacos-hibridos-morar-trabalhar\/#primaryimage"},"image":{"@id":"https:\/\/www.avaliebem.com.br\/blog\/espacos-hibridos-morar-trabalhar\/#primaryimage"},"thumbnailUrl":"https:\/\/www.avaliebem.com.br\/blog\/wp-content\/uploads\/2025\/10\/Artigo-09-Site-1.jpg","datePublished":"2025-10-14T14:03:05+00:00","dateModified":"2025-10-14T14:05:20+00:00","author":{"@id":"https:\/\/www.avaliebem.com.br\/blog\/#\/schema\/person\/1d359599c7269d8683b385de7ea94a11"},"description":"Descubra como os espa\u00e7os h\u00edbridos est\u00e3o transformando o jeito de morar e trabalhar em um s\u00f3 lugar.","breadcrumb":{"@id":"https:\/\/www.avaliebem.com.br\/blog\/espacos-hibridos-morar-trabalhar\/#breadcrumb"},"inLanguage":"pt-BR","potentialAction":[{"@type":"ReadAction","target":["https:\/\/www.avaliebem.com.br\/blog\/espacos-hibridos-morar-trabalhar\/"]}]},{"@type":"ImageObject","inLanguage":"pt-BR","@id":"https:\/\/www.avaliebem.com.br\/blog\/espacos-hibridos-morar-trabalhar\/#primaryimage","url":"https:\/\/www.avaliebem.com.br\/blog\/wp-content\/uploads\/2025\/10\/Artigo-09-Site-1.jpg","contentUrl":"https:\/\/www.avaliebem.com.br\/blog\/wp-content\/uploads\/2025\/10\/Artigo-09-Site-1.jpg","width":2188,"height":1553,"caption":"Espa\u00e7os h\u00edbridos que unem moradia e trabalho em um mesmo ambiente moderno e funcional."},{"@type":"BreadcrumbList","@id":"https:\/\/www.avaliebem.com.br\/blog\/espacos-hibridos-morar-trabalhar\/#breadcrumb","itemListElement":[{"@type":"ListItem","position":1,"name":"In\u00edcio","item":"https:\/\/www.avaliebem.com.br\/blog\/"},{"@type":"ListItem","position":2,"name":"Espa\u00e7os h\u00edbridos: morar e trabalhar no mesmo lugar"}]},{"@type":"WebSite","@id":"https:\/\/www.avaliebem.com.br\/blog\/#website","url":"https:\/\/www.avaliebem.com.br\/blog\/","name":"Avalie Bem Im\u00f3veis","description":"Onde cada im\u00f3vel conta uma hist\u00f3ria \u00fanica.","potentialAction":[{"@type":"SearchAction","target":{"@type":"EntryPoint","urlTemplate":"https:\/\/www.avaliebem.com.br\/blog\/?s={search_term_string}"},"query-input":{"@type":"PropertyValueSpecification","valueRequired":true,"valueName":"search_term_string"}}],"inLanguage":"pt-BR"},{"@type":"Person","@id":"https:\/\/www.avaliebem.com.br\/blog\/#\/schema\/person\/1d359599c7269d8683b385de7ea94a11","name":"Avalie Bem","image":{"@type":"ImageObject","inLanguage":"pt-BR","@id":"https:\/\/www.avaliebem.com.br\/blog\/#\/schema\/person\/image\/","url":"https:\/\/secure.gravatar.com\/avatar\/?s=96&d=mm&r=g","contentUrl":"https:\/\/secure.gravatar.com\/avatar\/?s=96&d=mm&r=g","caption":"Avalie Bem"},"url":"https:\/\/www.avaliebem.com.br\/blog\/author\/admin\/"}]}},"_links":{"self":[{"href":"https:\/\/www.avaliebem.com.br\/blog\/wp-json\/wp\/v2\/posts\/731","targetHints":{"allow":["GET"]}}],"collection":[{"href":"https:\/\/www.avaliebem.com.br\/blog\/wp-json\/wp\/v2\/posts"}],"about":[{"href":"https:\/\/www.avaliebem.com.br\/blog\/wp-json\/wp\/v2\/types\/post"}],"author":[{"embeddable":true,"href":"https:\/\/www.avaliebem.com.br\/blog\/wp-json\/wp\/v2\/users\/1"}],"replies":[{"embeddable":true,"href":"https:\/\/www.avaliebem.com.br\/blog\/wp-json\/wp\/v2\/comments?post=731"}],"version-history":[{"count":1,"href":"https:\/\/www.avaliebem.com.br\/blog\/wp-json\/wp\/v2\/posts\/731\/revisions"}],"predecessor-version":[{"id":733,"href":"https:\/\/www.avaliebem.com.br\/blog\/wp-json\/wp\/v2\/posts\/731\/revisions\/733"}],"wp:featuredmedia":[{"embeddable":true,"href":"https:\/\/www.avaliebem.com.br\/blog\/wp-json\/wp\/v2\/media\/734"}],"wp:attachment":[{"href":"https:\/\/www.avaliebem.com.br\/blog\/wp-json\/wp\/v2\/media?parent=731"}],"wp:term":[{"taxonomy":"category","embeddable":true,"href":"https:\/\/www.avaliebem.com.br\/blog\/wp-json\/wp\/v2\/categories?post=731"},{"taxonomy":"post_tag","embeddable":true,"href":"https:\/\/www.avaliebem.com.br\/blog\/wp-json\/wp\/v2\/tags?post=731"}],"curies":[{"name":"wp","href":"https:\/\/api.w.org\/{rel}","templated":true}]}}