{"id":727,"date":"2025-09-27T12:09:18","date_gmt":"2025-09-27T15:09:18","guid":{"rendered":"https:\/\/www.avaliebem.com.br\/blog\/?p=727"},"modified":"2025-09-27T12:30:15","modified_gmt":"2025-09-27T15:30:15","slug":"diferenca-loft-studio-kitnet-flat","status":"publish","type":"post","link":"https:\/\/www.avaliebem.com.br\/blog\/diferenca-loft-studio-kitnet-flat\/","title":{"rendered":"Qual a diferen\u00e7a entre Loft, Kitnet, Studio e Flat?"},"content":{"rendered":"\n<figure class=\"wp-block-embed is-type-video is-provider-youtube wp-block-embed-youtube wp-embed-aspect-16-9 wp-has-aspect-ratio\"><div class=\"wp-block-embed__wrapper\">\n<iframe loading=\"lazy\" title=\"\ud83d\ude4b\ud83c\udffb\u200d\u2640\ufe0f E se te pergunt\u00e1ssemos qual a diferen\u00e7a entre Loft, Kitnet, Studio e Flat?\" width=\"500\" height=\"281\" src=\"https:\/\/www.youtube.com\/embed\/7KtA3OljATY?start=29&#038;feature=oembed\" frameborder=\"0\" allow=\"accelerometer; autoplay; clipboard-write; encrypted-media; gyroscope; picture-in-picture; web-share\" referrerpolicy=\"strict-origin-when-cross-origin\" allowfullscreen><\/iframe>\n<\/div><\/figure>\n\n\n\n<h2 class=\"wp-block-heading\"><strong>Por que entender essas diferen\u00e7as \u00e9 importante?<\/strong><\/h2>\n\n\n\n<p>Quem procura im\u00f3veis compactos geralmente encontra termos como loft, kitnet, studio e flat. Apesar de parecerem iguais, cada um possui caracter\u00edsticas pr\u00f3prias. Conhecer a <strong>diferen\u00e7a entre loft e studio<\/strong>, al\u00e9m dos demais formatos, ajuda na hora de comprar ou alugar o im\u00f3vel certo para o seu estilo de vida.<\/p>\n\n\n\n<hr class=\"wp-block-separator has-alpha-channel-opacity\"\/>\n\n\n\n<h2 class=\"wp-block-heading\"><strong>O que \u00e9 um Loft?<\/strong><\/h2>\n\n\n\n<p>O <strong>loft<\/strong> surgiu em Nova Iorque e se caracteriza por ambientes integrados, sem divis\u00f3rias, p\u00e9-direito alto e estilo industrial. \u00c9 ideal para quem busca amplitude e modernidade. Veja um exemplo de <a href=\"https:\/\/www.avaliebem.com.br\/imovel\/1026\/loft-com-76m-no-bairro-rio-branco-em-porto-alegre\/venda\/\"><mark style=\"background-color:rgba(0, 0, 0, 0)\" class=\"has-inline-color has-vivid-cyan-blue-color\">loft em Porto Alegre<\/mark><\/a> dispon\u00edvel em nosso site.<\/p>\n\n\n\n<hr class=\"wp-block-separator has-alpha-channel-opacity\"\/>\n\n\n\n<h2 class=\"wp-block-heading\"><strong>O que \u00e9 uma Kitnet?<\/strong><\/h2>\n\n\n\n<p>A <strong>kitnet<\/strong> \u00e9 a vers\u00e3o mais compacta, geralmente com at\u00e9 40m\u00b2. Costuma ter quarto, cozinha integrada e banheiro. \u00c9 pr\u00e1tica e acess\u00edvel, muito procurada por estudantes e solteiros.<\/p>\n\n\n\n<hr class=\"wp-block-separator has-alpha-channel-opacity\"\/>\n\n\n\n<h2 class=\"wp-block-heading\"><strong>O que \u00e9 um Studio?<\/strong><\/h2>\n\n\n\n<p>O <strong>studio<\/strong> \u00e9 semelhante \u00e0 kitnet, mas tem design mais moderno e melhor infraestrutura. Muitos possuem varanda, acabamentos superiores e localiza\u00e7\u00e3o estrat\u00e9gica. Confira este <a href=\"https:\/\/www.avaliebem.com.br\/imovel\/2602\/studio-mobiliado-33m-mont-serrat\/venda\/\"><mark style=\"background-color:rgba(0, 0, 0, 0)\" class=\"has-inline-color has-vivid-cyan-blue-color\">studio em Porto Alegre<\/mark><\/a> como exemplo.<\/p>\n\n\n\n<hr class=\"wp-block-separator has-alpha-channel-opacity\"\/>\n\n\n\n<h2 class=\"wp-block-heading\"><strong>O que \u00e9 um Flat?<\/strong><\/h2>\n\n\n\n<p>O <strong>flat<\/strong> combina moradia e servi\u00e7os de hotelaria. Normalmente est\u00e1 em pr\u00e9dios que oferecem limpeza, recep\u00e7\u00e3o, restaurante e at\u00e9 lavanderia. \u00c9 muito usado por executivos que buscam praticidade em estadias de m\u00e9dio e longo prazo.<\/p>\n\n\n\n<hr class=\"wp-block-separator has-alpha-channel-opacity\"\/>\n\n\n\n<h2 class=\"wp-block-heading\"><strong>Conclus\u00e3o<\/strong><\/h2>\n\n\n\n<p>Cada tipo de im\u00f3vel atende a perfis diferentes. Enquanto a kitnet oferece praticidade, o studio atrai jovens profissionais, o loft traz amplitude e estilo, e o flat entrega servi\u00e7os exclusivos.<\/p>\n\n\n\n<p>\ud83d\udc49 Quer entender melhor? Assista ao v\u00eddeo completo em nosso canal: <a href=\"https:\/\/www.youtube.com\/watch?v=7KtA3OljATY&amp;t=29s\"><mark style=\"background-color:rgba(0, 0, 0, 0)\" class=\"has-inline-color has-vivid-cyan-blue-color\">Qual a diferen\u00e7a entre Loft, Kitnet, Studio e Flat?<\/mark><\/a>.<\/p>\n\n\n\n<p>Na Avalie Bem Im\u00f3veis, ajudamos voc\u00ea a encontrar o im\u00f3vel perfeito para o seu perfil.<\/p>\n\n\n\n<p><\/p>\n","protected":false},"excerpt":{"rendered":"<p>Por que entender essas diferen\u00e7as \u00e9 importante? Quem procura im\u00f3veis compactos geralmente encontra termos como loft, kitnet, studio e flat. Apesar de parecerem iguais, cada um possui caracter\u00edsticas pr\u00f3prias. Conhecer [&hellip;]<\/p>\n","protected":false},"author":1,"featured_media":729,"comment_status":"open","ping_status":"open","sticky":false,"template":"","format":"standard","meta":{"inline_featured_image":false,"footnotes":""},"categories":[1],"tags":[],"class_list":["post-727","post","type-post","status-publish","format-standard","has-post-thumbnail","hentry","category-sem-categoria"],"yoast_head":"<!-- This site is optimized with the Yoast SEO plugin v23.4 - https:\/\/yoast.com\/wordpress\/plugins\/seo\/ -->\n<title>Diferen\u00e7a entre Loft e Studio: entenda tamb\u00e9m Kitnet e Flat<\/title>\n<meta name=\"description\" content=\"Descubra a diferen\u00e7a entre loft, kitnet, studio e flat e saiba qual se encaixa melhor no seu perfil. Veja tamb\u00e9m nosso v\u00eddeo completo no YouTube!\" \/>\n<meta name=\"robots\" content=\"index, follow, max-snippet:-1, max-image-preview:large, max-video-preview:-1\" \/>\n<link rel=\"canonical\" href=\"https:\/\/www.avaliebem.com.br\/blog\/diferenca-loft-studio-kitnet-flat\/\" \/>\n<meta property=\"og:locale\" content=\"pt_BR\" \/>\n<meta property=\"og:type\" content=\"article\" \/>\n<meta property=\"og:title\" content=\"Diferen\u00e7a entre Loft e Studio: entenda tamb\u00e9m Kitnet e Flat\" \/>\n<meta property=\"og:description\" content=\"Descubra a diferen\u00e7a entre loft, kitnet, studio e flat e saiba qual se encaixa melhor no seu perfil. Veja tamb\u00e9m nosso v\u00eddeo completo no YouTube!\" \/>\n<meta property=\"og:url\" content=\"https:\/\/www.avaliebem.com.br\/blog\/diferenca-loft-studio-kitnet-flat\/\" \/>\n<meta property=\"og:site_name\" content=\"Avalie Bem Im\u00f3veis\" \/>\n<meta property=\"article:published_time\" content=\"2025-09-27T15:09:18+00:00\" \/>\n<meta property=\"article:modified_time\" content=\"2025-09-27T15:30:15+00:00\" \/>\n<meta property=\"og:image\" content=\"https:\/\/www.avaliebem.com.br\/blog\/wp-content\/uploads\/2025\/09\/Artigo-08.jpg\" \/>\n\t<meta property=\"og:image:width\" content=\"2188\" \/>\n\t<meta property=\"og:image:height\" content=\"1553\" \/>\n\t<meta property=\"og:image:type\" content=\"image\/jpeg\" \/>\n<meta name=\"author\" content=\"Avalie Bem\" \/>\n<meta name=\"twitter:card\" content=\"summary_large_image\" \/>\n<meta name=\"twitter:label1\" content=\"Escrito por\" \/>\n\t<meta name=\"twitter:data1\" content=\"Avalie Bem\" \/>\n\t<meta name=\"twitter:label2\" content=\"Est. tempo de leitura\" \/>\n\t<meta name=\"twitter:data2\" content=\"2 minutos\" \/>\n<script type=\"application\/ld+json\" class=\"yoast-schema-graph\">{\"@context\":\"https:\/\/schema.org\",\"@graph\":[{\"@type\":\"WebPage\",\"@id\":\"https:\/\/www.avaliebem.com.br\/blog\/diferenca-loft-studio-kitnet-flat\/\",\"url\":\"https:\/\/www.avaliebem.com.br\/blog\/diferenca-loft-studio-kitnet-flat\/\",\"name\":\"Diferen\u00e7a entre Loft e Studio: entenda tamb\u00e9m Kitnet e Flat\",\"isPartOf\":{\"@id\":\"https:\/\/www.avaliebem.com.br\/blog\/#website\"},\"primaryImageOfPage\":{\"@id\":\"https:\/\/www.avaliebem.com.br\/blog\/diferenca-loft-studio-kitnet-flat\/#primaryimage\"},\"image\":{\"@id\":\"https:\/\/www.avaliebem.com.br\/blog\/diferenca-loft-studio-kitnet-flat\/#primaryimage\"},\"thumbnailUrl\":\"https:\/\/www.avaliebem.com.br\/blog\/wp-content\/uploads\/2025\/09\/Artigo-08.jpg\",\"datePublished\":\"2025-09-27T15:09:18+00:00\",\"dateModified\":\"2025-09-27T15:30:15+00:00\",\"author\":{\"@id\":\"https:\/\/www.avaliebem.com.br\/blog\/#\/schema\/person\/1d359599c7269d8683b385de7ea94a11\"},\"description\":\"Descubra a diferen\u00e7a entre loft, kitnet, studio e flat e saiba qual se encaixa melhor no seu perfil. Veja tamb\u00e9m nosso v\u00eddeo completo no YouTube!\",\"breadcrumb\":{\"@id\":\"https:\/\/www.avaliebem.com.br\/blog\/diferenca-loft-studio-kitnet-flat\/#breadcrumb\"},\"inLanguage\":\"pt-BR\",\"potentialAction\":[{\"@type\":\"ReadAction\",\"target\":[\"https:\/\/www.avaliebem.com.br\/blog\/diferenca-loft-studio-kitnet-flat\/\"]}]},{\"@type\":\"ImageObject\",\"inLanguage\":\"pt-BR\",\"@id\":\"https:\/\/www.avaliebem.com.br\/blog\/diferenca-loft-studio-kitnet-flat\/#primaryimage\",\"url\":\"https:\/\/www.avaliebem.com.br\/blog\/wp-content\/uploads\/2025\/09\/Artigo-08.jpg\",\"contentUrl\":\"https:\/\/www.avaliebem.com.br\/blog\/wp-content\/uploads\/2025\/09\/Artigo-08.jpg\",\"width\":2188,\"height\":1553,\"caption\":\"Saiba quais s\u00e3o as principais diferen\u00e7as entre loft, kitnet, studio e flat antes de escolher o im\u00f3vel ideal.\"},{\"@type\":\"BreadcrumbList\",\"@id\":\"https:\/\/www.avaliebem.com.br\/blog\/diferenca-loft-studio-kitnet-flat\/#breadcrumb\",\"itemListElement\":[{\"@type\":\"ListItem\",\"position\":1,\"name\":\"In\u00edcio\",\"item\":\"https:\/\/www.avaliebem.com.br\/blog\/\"},{\"@type\":\"ListItem\",\"position\":2,\"name\":\"Qual a diferen\u00e7a entre Loft, Kitnet, Studio e Flat?\"}]},{\"@type\":\"WebSite\",\"@id\":\"https:\/\/www.avaliebem.com.br\/blog\/#website\",\"url\":\"https:\/\/www.avaliebem.com.br\/blog\/\",\"name\":\"Avalie Bem Im\u00f3veis\",\"description\":\"Onde cada im\u00f3vel conta uma hist\u00f3ria \u00fanica.\",\"potentialAction\":[{\"@type\":\"SearchAction\",\"target\":{\"@type\":\"EntryPoint\",\"urlTemplate\":\"https:\/\/www.avaliebem.com.br\/blog\/?s={search_term_string}\"},\"query-input\":{\"@type\":\"PropertyValueSpecification\",\"valueRequired\":true,\"valueName\":\"search_term_string\"}}],\"inLanguage\":\"pt-BR\"},{\"@type\":\"Person\",\"@id\":\"https:\/\/www.avaliebem.com.br\/blog\/#\/schema\/person\/1d359599c7269d8683b385de7ea94a11\",\"name\":\"Avalie Bem\",\"image\":{\"@type\":\"ImageObject\",\"inLanguage\":\"pt-BR\",\"@id\":\"https:\/\/www.avaliebem.com.br\/blog\/#\/schema\/person\/image\/\",\"url\":\"https:\/\/secure.gravatar.com\/avatar\/?s=96&d=mm&r=g\",\"contentUrl\":\"https:\/\/secure.gravatar.com\/avatar\/?s=96&d=mm&r=g\",\"caption\":\"Avalie Bem\"},\"url\":\"https:\/\/www.avaliebem.com.br\/blog\/author\/admin\/\"}]}<\/script>\n<!-- \/ Yoast SEO plugin. -->","yoast_head_json":{"title":"Diferen\u00e7a entre Loft e Studio: entenda tamb\u00e9m Kitnet e Flat","description":"Descubra a diferen\u00e7a entre loft, kitnet, studio e flat e saiba qual se encaixa melhor no seu perfil. Veja tamb\u00e9m nosso v\u00eddeo completo no YouTube!","robots":{"index":"index","follow":"follow","max-snippet":"max-snippet:-1","max-image-preview":"max-image-preview:large","max-video-preview":"max-video-preview:-1"},"canonical":"https:\/\/www.avaliebem.com.br\/blog\/diferenca-loft-studio-kitnet-flat\/","og_locale":"pt_BR","og_type":"article","og_title":"Diferen\u00e7a entre Loft e Studio: entenda tamb\u00e9m Kitnet e Flat","og_description":"Descubra a diferen\u00e7a entre loft, kitnet, studio e flat e saiba qual se encaixa melhor no seu perfil. Veja tamb\u00e9m nosso v\u00eddeo completo no YouTube!","og_url":"https:\/\/www.avaliebem.com.br\/blog\/diferenca-loft-studio-kitnet-flat\/","og_site_name":"Avalie Bem Im\u00f3veis","article_published_time":"2025-09-27T15:09:18+00:00","article_modified_time":"2025-09-27T15:30:15+00:00","og_image":[{"width":2188,"height":1553,"url":"https:\/\/www.avaliebem.com.br\/blog\/wp-content\/uploads\/2025\/09\/Artigo-08.jpg","type":"image\/jpeg"}],"author":"Avalie Bem","twitter_card":"summary_large_image","twitter_misc":{"Escrito por":"Avalie Bem","Est. tempo de leitura":"2 minutos"},"schema":{"@context":"https:\/\/schema.org","@graph":[{"@type":"WebPage","@id":"https:\/\/www.avaliebem.com.br\/blog\/diferenca-loft-studio-kitnet-flat\/","url":"https:\/\/www.avaliebem.com.br\/blog\/diferenca-loft-studio-kitnet-flat\/","name":"Diferen\u00e7a entre Loft e Studio: entenda tamb\u00e9m Kitnet e Flat","isPartOf":{"@id":"https:\/\/www.avaliebem.com.br\/blog\/#website"},"primaryImageOfPage":{"@id":"https:\/\/www.avaliebem.com.br\/blog\/diferenca-loft-studio-kitnet-flat\/#primaryimage"},"image":{"@id":"https:\/\/www.avaliebem.com.br\/blog\/diferenca-loft-studio-kitnet-flat\/#primaryimage"},"thumbnailUrl":"https:\/\/www.avaliebem.com.br\/blog\/wp-content\/uploads\/2025\/09\/Artigo-08.jpg","datePublished":"2025-09-27T15:09:18+00:00","dateModified":"2025-09-27T15:30:15+00:00","author":{"@id":"https:\/\/www.avaliebem.com.br\/blog\/#\/schema\/person\/1d359599c7269d8683b385de7ea94a11"},"description":"Descubra a diferen\u00e7a entre loft, kitnet, studio e flat e saiba qual se encaixa melhor no seu perfil. Veja tamb\u00e9m nosso v\u00eddeo completo no YouTube!","breadcrumb":{"@id":"https:\/\/www.avaliebem.com.br\/blog\/diferenca-loft-studio-kitnet-flat\/#breadcrumb"},"inLanguage":"pt-BR","potentialAction":[{"@type":"ReadAction","target":["https:\/\/www.avaliebem.com.br\/blog\/diferenca-loft-studio-kitnet-flat\/"]}]},{"@type":"ImageObject","inLanguage":"pt-BR","@id":"https:\/\/www.avaliebem.com.br\/blog\/diferenca-loft-studio-kitnet-flat\/#primaryimage","url":"https:\/\/www.avaliebem.com.br\/blog\/wp-content\/uploads\/2025\/09\/Artigo-08.jpg","contentUrl":"https:\/\/www.avaliebem.com.br\/blog\/wp-content\/uploads\/2025\/09\/Artigo-08.jpg","width":2188,"height":1553,"caption":"Saiba quais s\u00e3o as principais diferen\u00e7as entre loft, kitnet, studio e flat antes de escolher o im\u00f3vel ideal."},{"@type":"BreadcrumbList","@id":"https:\/\/www.avaliebem.com.br\/blog\/diferenca-loft-studio-kitnet-flat\/#breadcrumb","itemListElement":[{"@type":"ListItem","position":1,"name":"In\u00edcio","item":"https:\/\/www.avaliebem.com.br\/blog\/"},{"@type":"ListItem","position":2,"name":"Qual a diferen\u00e7a entre Loft, Kitnet, Studio e Flat?"}]},{"@type":"WebSite","@id":"https:\/\/www.avaliebem.com.br\/blog\/#website","url":"https:\/\/www.avaliebem.com.br\/blog\/","name":"Avalie Bem Im\u00f3veis","description":"Onde cada im\u00f3vel conta uma hist\u00f3ria \u00fanica.","potentialAction":[{"@type":"SearchAction","target":{"@type":"EntryPoint","urlTemplate":"https:\/\/www.avaliebem.com.br\/blog\/?s={search_term_string}"},"query-input":{"@type":"PropertyValueSpecification","valueRequired":true,"valueName":"search_term_string"}}],"inLanguage":"pt-BR"},{"@type":"Person","@id":"https:\/\/www.avaliebem.com.br\/blog\/#\/schema\/person\/1d359599c7269d8683b385de7ea94a11","name":"Avalie Bem","image":{"@type":"ImageObject","inLanguage":"pt-BR","@id":"https:\/\/www.avaliebem.com.br\/blog\/#\/schema\/person\/image\/","url":"https:\/\/secure.gravatar.com\/avatar\/?s=96&d=mm&r=g","contentUrl":"https:\/\/secure.gravatar.com\/avatar\/?s=96&d=mm&r=g","caption":"Avalie Bem"},"url":"https:\/\/www.avaliebem.com.br\/blog\/author\/admin\/"}]}},"_links":{"self":[{"href":"https:\/\/www.avaliebem.com.br\/blog\/wp-json\/wp\/v2\/posts\/727","targetHints":{"allow":["GET"]}}],"collection":[{"href":"https:\/\/www.avaliebem.com.br\/blog\/wp-json\/wp\/v2\/posts"}],"about":[{"href":"https:\/\/www.avaliebem.com.br\/blog\/wp-json\/wp\/v2\/types\/post"}],"author":[{"embeddable":true,"href":"https:\/\/www.avaliebem.com.br\/blog\/wp-json\/wp\/v2\/users\/1"}],"replies":[{"embeddable":true,"href":"https:\/\/www.avaliebem.com.br\/blog\/wp-json\/wp\/v2\/comments?post=727"}],"version-history":[{"count":1,"href":"https:\/\/www.avaliebem.com.br\/blog\/wp-json\/wp\/v2\/posts\/727\/revisions"}],"predecessor-version":[{"id":728,"href":"https:\/\/www.avaliebem.com.br\/blog\/wp-json\/wp\/v2\/posts\/727\/revisions\/728"}],"wp:featuredmedia":[{"embeddable":true,"href":"https:\/\/www.avaliebem.com.br\/blog\/wp-json\/wp\/v2\/media\/729"}],"wp:attachment":[{"href":"https:\/\/www.avaliebem.com.br\/blog\/wp-json\/wp\/v2\/media?parent=727"}],"wp:term":[{"taxonomy":"category","embeddable":true,"href":"https:\/\/www.avaliebem.com.br\/blog\/wp-json\/wp\/v2\/categories?post=727"},{"taxonomy":"post_tag","embeddable":true,"href":"https:\/\/www.avaliebem.com.br\/blog\/wp-json\/wp\/v2\/tags?post=727"}],"curies":[{"name":"wp","href":"https:\/\/api.w.org\/{rel}","templated":true}]}}