{"id":715,"date":"2025-09-02T11:25:36","date_gmt":"2025-09-02T14:25:36","guid":{"rendered":"https:\/\/www.avaliebem.com.br\/blog\/?p=715"},"modified":"2025-09-02T11:30:01","modified_gmt":"2025-09-02T14:30:01","slug":"evolucao-espacos-coletivos-condominios","status":"publish","type":"post","link":"https:\/\/www.avaliebem.com.br\/blog\/evolucao-espacos-coletivos-condominios\/","title":{"rendered":"Como os espa\u00e7os coletivos evolu\u00edram: do sal\u00e3o de festas tradicional a ambientes multifuncionais"},"content":{"rendered":"\n<h2 class=\"wp-block-heading\"><strong>Do sal\u00e3o de festas ao espa\u00e7o de conviv\u00eancia<\/strong><\/h2>\n\n\n\n<p>Durante muito tempo, a infraestrutura de pr\u00e9dios e condom\u00ednios se resumia a itens b\u00e1sicos, como garagem, portaria e um sal\u00e3o de festas. Esses espa\u00e7os cumpriam sua fun\u00e7\u00e3o, mas eram pouco utilizados no dia a dia. Hoje, a <strong>evolu\u00e7\u00e3o dos espa\u00e7os coletivos em condom\u00ednios<\/strong> mostra como a vida moderna transformou esses ambientes, que passaram a ser multifuncionais e valorizam ainda mais os im\u00f3veis.<\/p>\n\n\n\n<hr class=\"wp-block-separator has-alpha-channel-opacity\"\/>\n\n\n\n<h2 class=\"wp-block-heading\"><strong>A transforma\u00e7\u00e3o p\u00f3s-pandemia e a evolu\u00e7\u00e3o dos espa\u00e7os coletivos<\/strong><\/h2>\n\n\n\n<p>O per\u00edodo de isolamento acelerou uma tend\u00eancia que j\u00e1 estava em andamento: a busca por <strong>ambientes coletivos multifuncionais<\/strong>. Mais tempo em casa significou a necessidade de espa\u00e7os que unissem lazer, trabalho e conviv\u00eancia. Assim nasceram os coworkings dentro de condom\u00ednios, os rooftops como pontos de encontro e at\u00e9 as \u00e1reas pet friendly, que se tornaram cada vez mais comuns.<\/p>\n\n\n\n<hr class=\"wp-block-separator has-alpha-channel-opacity\"\/>\n\n\n\n<h2 class=\"wp-block-heading\"><strong>Tend\u00eancias atuais na evolu\u00e7\u00e3o dos espa\u00e7os coletivos em condom\u00ednios<\/strong><\/h2>\n\n\n\n<p>Hoje, os espa\u00e7os coletivos s\u00e3o vistos como <strong>extens\u00f5es do lar<\/strong>. Entre as tend\u00eancias mais procuradas est\u00e3o:<\/p>\n\n\n\n<ul class=\"wp-block-list\">\n<li><strong>Sal\u00f5es gourmet<\/strong> integrados a \u00e1reas externas;<\/li>\n\n\n\n<li><strong>Academias equipadas<\/strong> e ambientes de wellness;<\/li>\n\n\n\n<li><strong>Coworkings e salas de reuni\u00e3o<\/strong>;<\/li>\n\n\n\n<li><strong>Espa\u00e7os kids e brinquedotecas<\/strong>;<\/li>\n\n\n\n<li><strong>Rooftops com lazer e \u00e1reas verdes suspensas<\/strong>;<\/li>\n\n\n\n<li><strong>Pet places<\/strong> para atender fam\u00edlias com animais de estima\u00e7\u00e3o.<\/li>\n<\/ul>\n\n\n\n<p>Na Avalie Bem, j\u00e1 oferecemos im\u00f3veis com infraestrutura completa que refletem essas tend\u00eancias. Um exemplo \u00e9 este <a href=\"https:\/\/www.avaliebem.com.br\/imovel\/2728\/apartamento-com-77m-e-2-dormitorios-sendo-2-suites-2-vagas-no-bairro-petropolis-em-porto-alegre\/venda\/\"><mark style=\"background-color:rgba(0, 0, 0, 0)\" class=\"has-inline-color has-vivid-cyan-blue-color\">apartamento de 77m\u00b2 no bairro Petr\u00f3polis<\/mark><\/a>, com lazer e conveni\u00eancia integrados. Outro destaque \u00e9 este <a href=\"https:\/\/www.avaliebem.com.br\/imovel\/1787\/163m-3-suites-2-vagas-jardim-europa\/venda\/\"><mark style=\"background-color:rgba(0, 0, 0, 0)\" class=\"has-inline-color has-vivid-cyan-blue-color\">empreendimento de 163m\u00b2 com 3 su\u00edtes no Jardim Europa<\/mark><\/a>, que re\u00fane sofistica\u00e7\u00e3o, rooftop e \u00e1reas de conviv\u00eancia modernas.<\/p>\n\n\n\n<hr class=\"wp-block-separator has-alpha-channel-opacity\"\/>\n\n\n\n<h2 class=\"wp-block-heading\"><strong>O futuro dos espa\u00e7os de conviv\u00eancia multifuncionais<\/strong><\/h2>\n\n\n\n<p>O pr\u00f3ximo passo da <strong>evolu\u00e7\u00e3o dos espa\u00e7os coletivos em condom\u00ednios<\/strong> \u00e9 a personaliza\u00e7\u00e3o e a sustentabilidade. Ambientes planejados com tecnologia, energia renov\u00e1vel e integra\u00e7\u00e3o de \u00e1reas verdes j\u00e1 aparecem em novos empreendimentos. Os espa\u00e7os de conviv\u00eancia deixam de ser apenas locais de lazer para se tornarem <strong>centros de experi\u00eancias coletivas<\/strong>, que unem praticidade, bem-estar e conex\u00e3o social.<\/p>\n\n\n\n<hr class=\"wp-block-separator has-alpha-channel-opacity\"\/>\n\n\n\n<h2 class=\"wp-block-heading\"><strong>Conclus\u00e3o<\/strong><\/h2>\n\n\n\n<p>A evolu\u00e7\u00e3o dos espa\u00e7os coletivos mostra como o mercado imobili\u00e1rio se adapta \u00e0s necessidades da vida moderna. O que antes era apenas um sal\u00e3o de festas, hoje \u00e9 um conjunto de ambientes multifuncionais que fazem parte da rotina dos moradores e agregam valor ao im\u00f3vel.<\/p>\n\n\n\n<p>Na <a href=\"https:\/\/www.avaliebem.com.br\/\"><mark style=\"background-color:rgba(0, 0, 0, 0)\" class=\"has-inline-color has-vivid-cyan-blue-color\">Avalie Bem Im\u00f3veis<\/mark><\/a>, acompanhamos de perto essas transforma\u00e7\u00f5es e oferecemos empreendimentos que refletem as tend\u00eancias mais atuais do mercado.<\/p>\n\n\n\n<p>Entre em <a href=\"https:\/\/www.avaliebem.com.br\/contato\/\"><mark style=\"background-color:rgba(0, 0, 0, 0)\" class=\"has-inline-color has-vivid-cyan-blue-color\">contato conosco<\/mark><\/a> e descubra im\u00f3veis que unem sofistica\u00e7\u00e3o, infraestrutura completa e qualidade de vida.<\/p>\n","protected":false},"excerpt":{"rendered":"<p>Do sal\u00e3o de festas ao espa\u00e7o de conviv\u00eancia Durante muito tempo, a infraestrutura de pr\u00e9dios e condom\u00ednios se resumia a itens b\u00e1sicos, como garagem, portaria e um sal\u00e3o de festas. [&hellip;]<\/p>\n","protected":false},"author":1,"featured_media":716,"comment_status":"open","ping_status":"open","sticky":false,"template":"","format":"standard","meta":{"inline_featured_image":false,"footnotes":""},"categories":[84],"tags":[],"class_list":["post-715","post","type-post","status-publish","format-standard","has-post-thumbnail","hentry","category-tendencias"],"yoast_head":"<!-- This site is optimized with the Yoast SEO plugin v23.4 - https:\/\/yoast.com\/wordpress\/plugins\/seo\/ -->\n<title>A evolu\u00e7\u00e3o dos espa\u00e7os coletivos em condom\u00ednios<\/title>\n<meta name=\"description\" content=\"A evolu\u00e7\u00e3o dos espa\u00e7os coletivos em condom\u00ednios mostra como sal\u00f5es de festas deram lugar a ambientes multifuncionais que valorizam im\u00f3veis e qualidade de vida.\" \/>\n<meta name=\"robots\" content=\"index, follow, max-snippet:-1, max-image-preview:large, max-video-preview:-1\" \/>\n<link rel=\"canonical\" href=\"https:\/\/www.avaliebem.com.br\/blog\/evolucao-espacos-coletivos-condominios\/\" \/>\n<meta property=\"og:locale\" content=\"pt_BR\" \/>\n<meta property=\"og:type\" content=\"article\" \/>\n<meta property=\"og:title\" content=\"A evolu\u00e7\u00e3o dos espa\u00e7os coletivos em condom\u00ednios\" \/>\n<meta property=\"og:description\" content=\"A evolu\u00e7\u00e3o dos espa\u00e7os coletivos em condom\u00ednios mostra como sal\u00f5es de festas deram lugar a ambientes multifuncionais que valorizam im\u00f3veis e qualidade de vida.\" \/>\n<meta property=\"og:url\" content=\"https:\/\/www.avaliebem.com.br\/blog\/evolucao-espacos-coletivos-condominios\/\" \/>\n<meta property=\"og:site_name\" content=\"Avalie Bem Im\u00f3veis\" \/>\n<meta property=\"article:published_time\" content=\"2025-09-02T14:25:36+00:00\" \/>\n<meta property=\"article:modified_time\" content=\"2025-09-02T14:30:01+00:00\" \/>\n<meta property=\"og:image\" content=\"https:\/\/www.avaliebem.com.br\/blog\/wp-content\/uploads\/2025\/09\/Artigo-site-Avalie-Bem-7.jpg\" \/>\n\t<meta property=\"og:image:width\" content=\"2188\" \/>\n\t<meta property=\"og:image:height\" content=\"1553\" \/>\n\t<meta property=\"og:image:type\" content=\"image\/jpeg\" \/>\n<meta name=\"author\" content=\"Avalie Bem\" \/>\n<meta name=\"twitter:card\" content=\"summary_large_image\" \/>\n<meta name=\"twitter:label1\" content=\"Escrito por\" \/>\n\t<meta name=\"twitter:data1\" content=\"Avalie Bem\" \/>\n\t<meta name=\"twitter:label2\" content=\"Est. tempo de leitura\" \/>\n\t<meta name=\"twitter:data2\" content=\"3 minutos\" \/>\n<script type=\"application\/ld+json\" class=\"yoast-schema-graph\">{\"@context\":\"https:\/\/schema.org\",\"@graph\":[{\"@type\":\"WebPage\",\"@id\":\"https:\/\/www.avaliebem.com.br\/blog\/evolucao-espacos-coletivos-condominios\/\",\"url\":\"https:\/\/www.avaliebem.com.br\/blog\/evolucao-espacos-coletivos-condominios\/\",\"name\":\"A evolu\u00e7\u00e3o dos espa\u00e7os coletivos em condom\u00ednios\",\"isPartOf\":{\"@id\":\"https:\/\/www.avaliebem.com.br\/blog\/#website\"},\"primaryImageOfPage\":{\"@id\":\"https:\/\/www.avaliebem.com.br\/blog\/evolucao-espacos-coletivos-condominios\/#primaryimage\"},\"image\":{\"@id\":\"https:\/\/www.avaliebem.com.br\/blog\/evolucao-espacos-coletivos-condominios\/#primaryimage\"},\"thumbnailUrl\":\"https:\/\/www.avaliebem.com.br\/blog\/wp-content\/uploads\/2025\/09\/Artigo-site-Avalie-Bem-7.jpg\",\"datePublished\":\"2025-09-02T14:25:36+00:00\",\"dateModified\":\"2025-09-02T14:30:01+00:00\",\"author\":{\"@id\":\"https:\/\/www.avaliebem.com.br\/blog\/#\/schema\/person\/1d359599c7269d8683b385de7ea94a11\"},\"description\":\"A evolu\u00e7\u00e3o dos espa\u00e7os coletivos em condom\u00ednios mostra como sal\u00f5es de festas deram lugar a ambientes multifuncionais que valorizam im\u00f3veis e qualidade de vida.\",\"breadcrumb\":{\"@id\":\"https:\/\/www.avaliebem.com.br\/blog\/evolucao-espacos-coletivos-condominios\/#breadcrumb\"},\"inLanguage\":\"pt-BR\",\"potentialAction\":[{\"@type\":\"ReadAction\",\"target\":[\"https:\/\/www.avaliebem.com.br\/blog\/evolucao-espacos-coletivos-condominios\/\"]}]},{\"@type\":\"ImageObject\",\"inLanguage\":\"pt-BR\",\"@id\":\"https:\/\/www.avaliebem.com.br\/blog\/evolucao-espacos-coletivos-condominios\/#primaryimage\",\"url\":\"https:\/\/www.avaliebem.com.br\/blog\/wp-content\/uploads\/2025\/09\/Artigo-site-Avalie-Bem-7.jpg\",\"contentUrl\":\"https:\/\/www.avaliebem.com.br\/blog\/wp-content\/uploads\/2025\/09\/Artigo-site-Avalie-Bem-7.jpg\",\"width\":2188,\"height\":1553,\"caption\":\"Do sal\u00e3o de festas tradicional aos ambientes multifuncionais, os espa\u00e7os coletivos em condom\u00ednios transformaram a conviv\u00eancia e valorizam os im\u00f3veis.\"},{\"@type\":\"BreadcrumbList\",\"@id\":\"https:\/\/www.avaliebem.com.br\/blog\/evolucao-espacos-coletivos-condominios\/#breadcrumb\",\"itemListElement\":[{\"@type\":\"ListItem\",\"position\":1,\"name\":\"In\u00edcio\",\"item\":\"https:\/\/www.avaliebem.com.br\/blog\/\"},{\"@type\":\"ListItem\",\"position\":2,\"name\":\"Como os espa\u00e7os coletivos evolu\u00edram: do sal\u00e3o de festas tradicional a ambientes multifuncionais\"}]},{\"@type\":\"WebSite\",\"@id\":\"https:\/\/www.avaliebem.com.br\/blog\/#website\",\"url\":\"https:\/\/www.avaliebem.com.br\/blog\/\",\"name\":\"Avalie Bem Im\u00f3veis\",\"description\":\"Onde cada im\u00f3vel conta uma hist\u00f3ria \u00fanica.\",\"potentialAction\":[{\"@type\":\"SearchAction\",\"target\":{\"@type\":\"EntryPoint\",\"urlTemplate\":\"https:\/\/www.avaliebem.com.br\/blog\/?s={search_term_string}\"},\"query-input\":{\"@type\":\"PropertyValueSpecification\",\"valueRequired\":true,\"valueName\":\"search_term_string\"}}],\"inLanguage\":\"pt-BR\"},{\"@type\":\"Person\",\"@id\":\"https:\/\/www.avaliebem.com.br\/blog\/#\/schema\/person\/1d359599c7269d8683b385de7ea94a11\",\"name\":\"Avalie Bem\",\"image\":{\"@type\":\"ImageObject\",\"inLanguage\":\"pt-BR\",\"@id\":\"https:\/\/www.avaliebem.com.br\/blog\/#\/schema\/person\/image\/\",\"url\":\"https:\/\/secure.gravatar.com\/avatar\/?s=96&d=mm&r=g\",\"contentUrl\":\"https:\/\/secure.gravatar.com\/avatar\/?s=96&d=mm&r=g\",\"caption\":\"Avalie Bem\"},\"url\":\"https:\/\/www.avaliebem.com.br\/blog\/author\/admin\/\"}]}<\/script>\n<!-- \/ Yoast SEO plugin. -->","yoast_head_json":{"title":"A evolu\u00e7\u00e3o dos espa\u00e7os coletivos em condom\u00ednios","description":"A evolu\u00e7\u00e3o dos espa\u00e7os coletivos em condom\u00ednios mostra como sal\u00f5es de festas deram lugar a ambientes multifuncionais que valorizam im\u00f3veis e qualidade de vida.","robots":{"index":"index","follow":"follow","max-snippet":"max-snippet:-1","max-image-preview":"max-image-preview:large","max-video-preview":"max-video-preview:-1"},"canonical":"https:\/\/www.avaliebem.com.br\/blog\/evolucao-espacos-coletivos-condominios\/","og_locale":"pt_BR","og_type":"article","og_title":"A evolu\u00e7\u00e3o dos espa\u00e7os coletivos em condom\u00ednios","og_description":"A evolu\u00e7\u00e3o dos espa\u00e7os coletivos em condom\u00ednios mostra como sal\u00f5es de festas deram lugar a ambientes multifuncionais que valorizam im\u00f3veis e qualidade de vida.","og_url":"https:\/\/www.avaliebem.com.br\/blog\/evolucao-espacos-coletivos-condominios\/","og_site_name":"Avalie Bem Im\u00f3veis","article_published_time":"2025-09-02T14:25:36+00:00","article_modified_time":"2025-09-02T14:30:01+00:00","og_image":[{"width":2188,"height":1553,"url":"https:\/\/www.avaliebem.com.br\/blog\/wp-content\/uploads\/2025\/09\/Artigo-site-Avalie-Bem-7.jpg","type":"image\/jpeg"}],"author":"Avalie Bem","twitter_card":"summary_large_image","twitter_misc":{"Escrito por":"Avalie Bem","Est. tempo de leitura":"3 minutos"},"schema":{"@context":"https:\/\/schema.org","@graph":[{"@type":"WebPage","@id":"https:\/\/www.avaliebem.com.br\/blog\/evolucao-espacos-coletivos-condominios\/","url":"https:\/\/www.avaliebem.com.br\/blog\/evolucao-espacos-coletivos-condominios\/","name":"A evolu\u00e7\u00e3o dos espa\u00e7os coletivos em condom\u00ednios","isPartOf":{"@id":"https:\/\/www.avaliebem.com.br\/blog\/#website"},"primaryImageOfPage":{"@id":"https:\/\/www.avaliebem.com.br\/blog\/evolucao-espacos-coletivos-condominios\/#primaryimage"},"image":{"@id":"https:\/\/www.avaliebem.com.br\/blog\/evolucao-espacos-coletivos-condominios\/#primaryimage"},"thumbnailUrl":"https:\/\/www.avaliebem.com.br\/blog\/wp-content\/uploads\/2025\/09\/Artigo-site-Avalie-Bem-7.jpg","datePublished":"2025-09-02T14:25:36+00:00","dateModified":"2025-09-02T14:30:01+00:00","author":{"@id":"https:\/\/www.avaliebem.com.br\/blog\/#\/schema\/person\/1d359599c7269d8683b385de7ea94a11"},"description":"A evolu\u00e7\u00e3o dos espa\u00e7os coletivos em condom\u00ednios mostra como sal\u00f5es de festas deram lugar a ambientes multifuncionais que valorizam im\u00f3veis e qualidade de vida.","breadcrumb":{"@id":"https:\/\/www.avaliebem.com.br\/blog\/evolucao-espacos-coletivos-condominios\/#breadcrumb"},"inLanguage":"pt-BR","potentialAction":[{"@type":"ReadAction","target":["https:\/\/www.avaliebem.com.br\/blog\/evolucao-espacos-coletivos-condominios\/"]}]},{"@type":"ImageObject","inLanguage":"pt-BR","@id":"https:\/\/www.avaliebem.com.br\/blog\/evolucao-espacos-coletivos-condominios\/#primaryimage","url":"https:\/\/www.avaliebem.com.br\/blog\/wp-content\/uploads\/2025\/09\/Artigo-site-Avalie-Bem-7.jpg","contentUrl":"https:\/\/www.avaliebem.com.br\/blog\/wp-content\/uploads\/2025\/09\/Artigo-site-Avalie-Bem-7.jpg","width":2188,"height":1553,"caption":"Do sal\u00e3o de festas tradicional aos ambientes multifuncionais, os espa\u00e7os coletivos em condom\u00ednios transformaram a conviv\u00eancia e valorizam os im\u00f3veis."},{"@type":"BreadcrumbList","@id":"https:\/\/www.avaliebem.com.br\/blog\/evolucao-espacos-coletivos-condominios\/#breadcrumb","itemListElement":[{"@type":"ListItem","position":1,"name":"In\u00edcio","item":"https:\/\/www.avaliebem.com.br\/blog\/"},{"@type":"ListItem","position":2,"name":"Como os espa\u00e7os coletivos evolu\u00edram: do sal\u00e3o de festas tradicional a ambientes multifuncionais"}]},{"@type":"WebSite","@id":"https:\/\/www.avaliebem.com.br\/blog\/#website","url":"https:\/\/www.avaliebem.com.br\/blog\/","name":"Avalie Bem Im\u00f3veis","description":"Onde cada im\u00f3vel conta uma hist\u00f3ria \u00fanica.","potentialAction":[{"@type":"SearchAction","target":{"@type":"EntryPoint","urlTemplate":"https:\/\/www.avaliebem.com.br\/blog\/?s={search_term_string}"},"query-input":{"@type":"PropertyValueSpecification","valueRequired":true,"valueName":"search_term_string"}}],"inLanguage":"pt-BR"},{"@type":"Person","@id":"https:\/\/www.avaliebem.com.br\/blog\/#\/schema\/person\/1d359599c7269d8683b385de7ea94a11","name":"Avalie Bem","image":{"@type":"ImageObject","inLanguage":"pt-BR","@id":"https:\/\/www.avaliebem.com.br\/blog\/#\/schema\/person\/image\/","url":"https:\/\/secure.gravatar.com\/avatar\/?s=96&d=mm&r=g","contentUrl":"https:\/\/secure.gravatar.com\/avatar\/?s=96&d=mm&r=g","caption":"Avalie Bem"},"url":"https:\/\/www.avaliebem.com.br\/blog\/author\/admin\/"}]}},"_links":{"self":[{"href":"https:\/\/www.avaliebem.com.br\/blog\/wp-json\/wp\/v2\/posts\/715","targetHints":{"allow":["GET"]}}],"collection":[{"href":"https:\/\/www.avaliebem.com.br\/blog\/wp-json\/wp\/v2\/posts"}],"about":[{"href":"https:\/\/www.avaliebem.com.br\/blog\/wp-json\/wp\/v2\/types\/post"}],"author":[{"embeddable":true,"href":"https:\/\/www.avaliebem.com.br\/blog\/wp-json\/wp\/v2\/users\/1"}],"replies":[{"embeddable":true,"href":"https:\/\/www.avaliebem.com.br\/blog\/wp-json\/wp\/v2\/comments?post=715"}],"version-history":[{"count":2,"href":"https:\/\/www.avaliebem.com.br\/blog\/wp-json\/wp\/v2\/posts\/715\/revisions"}],"predecessor-version":[{"id":719,"href":"https:\/\/www.avaliebem.com.br\/blog\/wp-json\/wp\/v2\/posts\/715\/revisions\/719"}],"wp:featuredmedia":[{"embeddable":true,"href":"https:\/\/www.avaliebem.com.br\/blog\/wp-json\/wp\/v2\/media\/716"}],"wp:attachment":[{"href":"https:\/\/www.avaliebem.com.br\/blog\/wp-json\/wp\/v2\/media?parent=715"}],"wp:term":[{"taxonomy":"category","embeddable":true,"href":"https:\/\/www.avaliebem.com.br\/blog\/wp-json\/wp\/v2\/categories?post=715"},{"taxonomy":"post_tag","embeddable":true,"href":"https:\/\/www.avaliebem.com.br\/blog\/wp-json\/wp\/v2\/tags?post=715"}],"curies":[{"name":"wp","href":"https:\/\/api.w.org\/{rel}","templated":true}]}}