{"id":705,"date":"2025-08-22T12:05:35","date_gmt":"2025-08-22T15:05:35","guid":{"rendered":"https:\/\/www.avaliebem.com.br\/blog\/?p=705"},"modified":"2025-09-02T11:30:54","modified_gmt":"2025-09-02T14:30:54","slug":"moinhos-de-vento-porto-alegre","status":"publish","type":"post","link":"https:\/\/www.avaliebem.com.br\/blog\/moinhos-de-vento-porto-alegre\/","title":{"rendered":"Moinhos de Vento: tradi\u00e7\u00e3o, sofistica\u00e7\u00e3o e qualidade de vida em Porto Alegre"},"content":{"rendered":"\n<h2 class=\"wp-block-heading\"><strong>Um bairro que une hist\u00f3ria e modernidade<\/strong><\/h2>\n\n\n\n<p>O <strong>Moinhos de Vento<\/strong> \u00e9 um dos bairros mais tradicionais e valorizados de Porto Alegre. Conhecido por sua arquitetura charmosa, ruas arborizadas e atmosfera sofisticada, ele \u00e9 refer\u00eancia para quem busca <strong>qualidade de vida, conveni\u00eancia e exclusividade<\/strong>. Morar nessa regi\u00e3o significa estar em um ponto estrat\u00e9gico da cidade, com f\u00e1cil acesso \u00e0s principais avenidas e pr\u00f3ximo a centros empresariais e culturais.<\/p>\n\n\n\n<hr class=\"wp-block-separator has-alpha-channel-opacity\"\/>\n\n\n\n<h2 class=\"wp-block-heading\"><strong>Locais de lazer e conviv\u00eancia<\/strong><\/h2>\n\n\n\n<p>Entre os maiores atrativos do bairro est\u00e1 o <strong>Parc\u00e3o (Parque Moinhos de Vento)<\/strong>, um dos espa\u00e7os verdes mais queridos da capital. Ideal para caminhadas, exerc\u00edcios ao ar livre ou momentos de lazer em fam\u00edlia, o Parc\u00e3o traduz bem o estilo de vida saud\u00e1vel e din\u00e2mico do bairro.<\/p>\n\n\n\n<p>Al\u00e9m disso, o Moinhos \u00e9 conhecido pela sua vida social e gastron\u00f4mica. A <strong>Rua Padre Chagas<\/strong>, concentra alguns dos melhores bares, caf\u00e9s e restaurantes da cidade, tornando o bairro um verdadeiro ponto de encontro.<\/p>\n\n\n\n<hr class=\"wp-block-separator has-alpha-channel-opacity\"\/>\n\n\n\n<h2 class=\"wp-block-heading\"><strong>Infraestrutura completa para o dia a dia<\/strong><\/h2>\n\n\n\n<p>Morar no Moinhos de Vento tamb\u00e9m significa contar com uma infraestrutura completa:<\/p>\n\n\n\n<ul class=\"wp-block-list\">\n<li>Hospitais de refer\u00eancia, como o <strong>Hospital Moinhos de Vento<\/strong>;<\/li>\n\n\n\n<li>Escolas renomadas;<\/li>\n\n\n\n<li>Supermercados e centros comerciais;<\/li>\n\n\n\n<li>Shoppings e galerias sofisticadas.<\/li>\n<\/ul>\n\n\n\n<p>Tudo isso faz do bairro uma escolha perfeita para fam\u00edlias, profissionais e investidores que desejam unir praticidade, conforto e sofistica\u00e7\u00e3o.<\/p>\n\n\n\n<hr class=\"wp-block-separator has-alpha-channel-opacity\"\/>\n\n\n\n<h2 class=\"wp-block-heading\"><strong>Valoriza\u00e7\u00e3o imobili\u00e1ria e exclusividade<\/strong><\/h2>\n\n\n\n<p>O bairro \u00e9 constantemente um dos mais procurados para moradia e investimento, o que garante <strong>alta valoriza\u00e7\u00e3o imobili\u00e1ria<\/strong>. Im\u00f3veis em Moinhos de Vento combinam tradi\u00e7\u00e3o e modernidade, oferecendo desde apartamentos cl\u00e1ssicos at\u00e9 empreendimentos de alto padr\u00e3o com infraestrutura completa.<\/p>\n\n\n\n<p>Se voc\u00ea busca um im\u00f3vel no bairro, confira as op\u00e7\u00f5es exclusivas que a <a href=\"https:\/\/www.avaliebem.com.br\/busca\/comprar\/cidade\/porto-alegre\/bairros\/moinhos-de-vento\/1\/\">Avalie Bem Im\u00f3veis<\/a> selecionou para voc\u00ea.<\/p>\n\n\n\n<hr class=\"wp-block-separator has-alpha-channel-opacity\"\/>\n\n\n\n<h2 class=\"wp-block-heading\"><strong>Conclus\u00e3o: morar no Moinhos de Vento \u00e9 investir em qualidade de vida<\/strong><\/h2>\n\n\n\n<p>Mais do que um endere\u00e7o, o Moinhos de Vento \u00e9 sin\u00f4nimo de tradi\u00e7\u00e3o, sofistica\u00e7\u00e3o e bem-estar. Seja para morar ou investir, o bairro re\u00fane todos os atributos que fazem dele uma das regi\u00f5es mais desejadas de Porto Alegre.<\/p>\n\n\n\n<p>Na <a href=\"https:\/\/www.avaliebem.com.br\/busca\/comprar\/cidade\/porto-alegre\/bairros\/moinhos-de-vento\/1\/\">Avalie Bem Im\u00f3veis<\/a>, nossa equipe est\u00e1 pronta para apresentar os melhores im\u00f3veis dispon\u00edveis no Moinhos de Vento e ajudar voc\u00ea a encontrar a op\u00e7\u00e3o ideal.<\/p>\n","protected":false},"excerpt":{"rendered":"<p>Um bairro que une hist\u00f3ria e modernidade O Moinhos de Vento \u00e9 um dos bairros mais tradicionais e valorizados de Porto Alegre. Conhecido por sua arquitetura charmosa, ruas arborizadas e [&hellip;]<\/p>\n","protected":false},"author":1,"featured_media":708,"comment_status":"open","ping_status":"open","sticky":false,"template":"","format":"standard","meta":{"inline_featured_image":false,"footnotes":""},"categories":[83],"tags":[],"class_list":["post-705","post","type-post","status-publish","format-standard","has-post-thumbnail","hentry","category-informacoes"],"yoast_head":"<!-- This site is optimized with the Yoast SEO plugin v23.4 - https:\/\/yoast.com\/wordpress\/plugins\/seo\/ -->\n<title>Moinhos de Vento Porto Alegre: morar no bairro mais desejado<\/title>\n<meta name=\"description\" content=\"Descubra por que o Moinhos de Vento \u00e9 um dos bairros mais valorizados de Porto Alegre. Conhe\u00e7a seus diferenciais e im\u00f3veis dispon\u00edveis na Avalie Bem.\" \/>\n<meta name=\"robots\" content=\"index, follow, max-snippet:-1, max-image-preview:large, max-video-preview:-1\" \/>\n<link rel=\"canonical\" href=\"https:\/\/www.avaliebem.com.br\/blog\/moinhos-de-vento-porto-alegre\/\" \/>\n<meta property=\"og:locale\" content=\"pt_BR\" \/>\n<meta property=\"og:type\" content=\"article\" \/>\n<meta property=\"og:title\" content=\"Moinhos de Vento Porto Alegre: morar no bairro mais desejado\" \/>\n<meta property=\"og:description\" content=\"Descubra por que o Moinhos de Vento \u00e9 um dos bairros mais valorizados de Porto Alegre. Conhe\u00e7a seus diferenciais e im\u00f3veis dispon\u00edveis na Avalie Bem.\" \/>\n<meta property=\"og:url\" content=\"https:\/\/www.avaliebem.com.br\/blog\/moinhos-de-vento-porto-alegre\/\" \/>\n<meta property=\"og:site_name\" content=\"Avalie Bem Im\u00f3veis\" \/>\n<meta property=\"article:published_time\" content=\"2025-08-22T15:05:35+00:00\" \/>\n<meta property=\"article:modified_time\" content=\"2025-09-02T14:30:54+00:00\" \/>\n<meta property=\"og:image\" content=\"https:\/\/www.avaliebem.com.br\/blog\/wp-content\/uploads\/2025\/08\/Artigo-02-2.jpg\" \/>\n\t<meta property=\"og:image:width\" content=\"2188\" \/>\n\t<meta property=\"og:image:height\" content=\"1553\" \/>\n\t<meta property=\"og:image:type\" content=\"image\/jpeg\" \/>\n<meta name=\"author\" content=\"Avalie Bem\" \/>\n<meta name=\"twitter:card\" content=\"summary_large_image\" \/>\n<meta name=\"twitter:label1\" content=\"Escrito por\" \/>\n\t<meta name=\"twitter:data1\" content=\"Avalie Bem\" \/>\n\t<meta name=\"twitter:label2\" content=\"Est. tempo de leitura\" \/>\n\t<meta name=\"twitter:data2\" content=\"3 minutos\" \/>\n<script type=\"application\/ld+json\" class=\"yoast-schema-graph\">{\"@context\":\"https:\/\/schema.org\",\"@graph\":[{\"@type\":\"WebPage\",\"@id\":\"https:\/\/www.avaliebem.com.br\/blog\/moinhos-de-vento-porto-alegre\/\",\"url\":\"https:\/\/www.avaliebem.com.br\/blog\/moinhos-de-vento-porto-alegre\/\",\"name\":\"Moinhos de Vento Porto Alegre: morar no bairro mais desejado\",\"isPartOf\":{\"@id\":\"https:\/\/www.avaliebem.com.br\/blog\/#website\"},\"primaryImageOfPage\":{\"@id\":\"https:\/\/www.avaliebem.com.br\/blog\/moinhos-de-vento-porto-alegre\/#primaryimage\"},\"image\":{\"@id\":\"https:\/\/www.avaliebem.com.br\/blog\/moinhos-de-vento-porto-alegre\/#primaryimage\"},\"thumbnailUrl\":\"https:\/\/www.avaliebem.com.br\/blog\/wp-content\/uploads\/2025\/08\/Artigo-02-2.jpg\",\"datePublished\":\"2025-08-22T15:05:35+00:00\",\"dateModified\":\"2025-09-02T14:30:54+00:00\",\"author\":{\"@id\":\"https:\/\/www.avaliebem.com.br\/blog\/#\/schema\/person\/1d359599c7269d8683b385de7ea94a11\"},\"description\":\"Descubra por que o Moinhos de Vento \u00e9 um dos bairros mais valorizados de Porto Alegre. Conhe\u00e7a seus diferenciais e im\u00f3veis dispon\u00edveis na Avalie Bem.\",\"breadcrumb\":{\"@id\":\"https:\/\/www.avaliebem.com.br\/blog\/moinhos-de-vento-porto-alegre\/#breadcrumb\"},\"inLanguage\":\"pt-BR\",\"potentialAction\":[{\"@type\":\"ReadAction\",\"target\":[\"https:\/\/www.avaliebem.com.br\/blog\/moinhos-de-vento-porto-alegre\/\"]}]},{\"@type\":\"ImageObject\",\"inLanguage\":\"pt-BR\",\"@id\":\"https:\/\/www.avaliebem.com.br\/blog\/moinhos-de-vento-porto-alegre\/#primaryimage\",\"url\":\"https:\/\/www.avaliebem.com.br\/blog\/wp-content\/uploads\/2025\/08\/Artigo-02-2.jpg\",\"contentUrl\":\"https:\/\/www.avaliebem.com.br\/blog\/wp-content\/uploads\/2025\/08\/Artigo-02-2.jpg\",\"width\":2188,\"height\":1553,\"caption\":\"O bairro Moinhos de Vento re\u00fane sofistica\u00e7\u00e3o, lazer e bem-estar, sendo um dos endere\u00e7os mais desejados de Porto Alegre.\"},{\"@type\":\"BreadcrumbList\",\"@id\":\"https:\/\/www.avaliebem.com.br\/blog\/moinhos-de-vento-porto-alegre\/#breadcrumb\",\"itemListElement\":[{\"@type\":\"ListItem\",\"position\":1,\"name\":\"In\u00edcio\",\"item\":\"https:\/\/www.avaliebem.com.br\/blog\/\"},{\"@type\":\"ListItem\",\"position\":2,\"name\":\"Moinhos de Vento: tradi\u00e7\u00e3o, sofistica\u00e7\u00e3o e qualidade de vida em Porto Alegre\"}]},{\"@type\":\"WebSite\",\"@id\":\"https:\/\/www.avaliebem.com.br\/blog\/#website\",\"url\":\"https:\/\/www.avaliebem.com.br\/blog\/\",\"name\":\"Avalie Bem Im\u00f3veis\",\"description\":\"Onde cada im\u00f3vel conta uma hist\u00f3ria \u00fanica.\",\"potentialAction\":[{\"@type\":\"SearchAction\",\"target\":{\"@type\":\"EntryPoint\",\"urlTemplate\":\"https:\/\/www.avaliebem.com.br\/blog\/?s={search_term_string}\"},\"query-input\":{\"@type\":\"PropertyValueSpecification\",\"valueRequired\":true,\"valueName\":\"search_term_string\"}}],\"inLanguage\":\"pt-BR\"},{\"@type\":\"Person\",\"@id\":\"https:\/\/www.avaliebem.com.br\/blog\/#\/schema\/person\/1d359599c7269d8683b385de7ea94a11\",\"name\":\"Avalie Bem\",\"image\":{\"@type\":\"ImageObject\",\"inLanguage\":\"pt-BR\",\"@id\":\"https:\/\/www.avaliebem.com.br\/blog\/#\/schema\/person\/image\/\",\"url\":\"https:\/\/secure.gravatar.com\/avatar\/?s=96&d=mm&r=g\",\"contentUrl\":\"https:\/\/secure.gravatar.com\/avatar\/?s=96&d=mm&r=g\",\"caption\":\"Avalie Bem\"},\"url\":\"https:\/\/www.avaliebem.com.br\/blog\/author\/admin\/\"}]}<\/script>\n<!-- \/ Yoast SEO plugin. -->","yoast_head_json":{"title":"Moinhos de Vento Porto Alegre: morar no bairro mais desejado","description":"Descubra por que o Moinhos de Vento \u00e9 um dos bairros mais valorizados de Porto Alegre. Conhe\u00e7a seus diferenciais e im\u00f3veis dispon\u00edveis na Avalie Bem.","robots":{"index":"index","follow":"follow","max-snippet":"max-snippet:-1","max-image-preview":"max-image-preview:large","max-video-preview":"max-video-preview:-1"},"canonical":"https:\/\/www.avaliebem.com.br\/blog\/moinhos-de-vento-porto-alegre\/","og_locale":"pt_BR","og_type":"article","og_title":"Moinhos de Vento Porto Alegre: morar no bairro mais desejado","og_description":"Descubra por que o Moinhos de Vento \u00e9 um dos bairros mais valorizados de Porto Alegre. Conhe\u00e7a seus diferenciais e im\u00f3veis dispon\u00edveis na Avalie Bem.","og_url":"https:\/\/www.avaliebem.com.br\/blog\/moinhos-de-vento-porto-alegre\/","og_site_name":"Avalie Bem Im\u00f3veis","article_published_time":"2025-08-22T15:05:35+00:00","article_modified_time":"2025-09-02T14:30:54+00:00","og_image":[{"width":2188,"height":1553,"url":"https:\/\/www.avaliebem.com.br\/blog\/wp-content\/uploads\/2025\/08\/Artigo-02-2.jpg","type":"image\/jpeg"}],"author":"Avalie Bem","twitter_card":"summary_large_image","twitter_misc":{"Escrito por":"Avalie Bem","Est. tempo de leitura":"3 minutos"},"schema":{"@context":"https:\/\/schema.org","@graph":[{"@type":"WebPage","@id":"https:\/\/www.avaliebem.com.br\/blog\/moinhos-de-vento-porto-alegre\/","url":"https:\/\/www.avaliebem.com.br\/blog\/moinhos-de-vento-porto-alegre\/","name":"Moinhos de Vento Porto Alegre: morar no bairro mais desejado","isPartOf":{"@id":"https:\/\/www.avaliebem.com.br\/blog\/#website"},"primaryImageOfPage":{"@id":"https:\/\/www.avaliebem.com.br\/blog\/moinhos-de-vento-porto-alegre\/#primaryimage"},"image":{"@id":"https:\/\/www.avaliebem.com.br\/blog\/moinhos-de-vento-porto-alegre\/#primaryimage"},"thumbnailUrl":"https:\/\/www.avaliebem.com.br\/blog\/wp-content\/uploads\/2025\/08\/Artigo-02-2.jpg","datePublished":"2025-08-22T15:05:35+00:00","dateModified":"2025-09-02T14:30:54+00:00","author":{"@id":"https:\/\/www.avaliebem.com.br\/blog\/#\/schema\/person\/1d359599c7269d8683b385de7ea94a11"},"description":"Descubra por que o Moinhos de Vento \u00e9 um dos bairros mais valorizados de Porto Alegre. Conhe\u00e7a seus diferenciais e im\u00f3veis dispon\u00edveis na Avalie Bem.","breadcrumb":{"@id":"https:\/\/www.avaliebem.com.br\/blog\/moinhos-de-vento-porto-alegre\/#breadcrumb"},"inLanguage":"pt-BR","potentialAction":[{"@type":"ReadAction","target":["https:\/\/www.avaliebem.com.br\/blog\/moinhos-de-vento-porto-alegre\/"]}]},{"@type":"ImageObject","inLanguage":"pt-BR","@id":"https:\/\/www.avaliebem.com.br\/blog\/moinhos-de-vento-porto-alegre\/#primaryimage","url":"https:\/\/www.avaliebem.com.br\/blog\/wp-content\/uploads\/2025\/08\/Artigo-02-2.jpg","contentUrl":"https:\/\/www.avaliebem.com.br\/blog\/wp-content\/uploads\/2025\/08\/Artigo-02-2.jpg","width":2188,"height":1553,"caption":"O bairro Moinhos de Vento re\u00fane sofistica\u00e7\u00e3o, lazer e bem-estar, sendo um dos endere\u00e7os mais desejados de Porto Alegre."},{"@type":"BreadcrumbList","@id":"https:\/\/www.avaliebem.com.br\/blog\/moinhos-de-vento-porto-alegre\/#breadcrumb","itemListElement":[{"@type":"ListItem","position":1,"name":"In\u00edcio","item":"https:\/\/www.avaliebem.com.br\/blog\/"},{"@type":"ListItem","position":2,"name":"Moinhos de Vento: tradi\u00e7\u00e3o, sofistica\u00e7\u00e3o e qualidade de vida em Porto Alegre"}]},{"@type":"WebSite","@id":"https:\/\/www.avaliebem.com.br\/blog\/#website","url":"https:\/\/www.avaliebem.com.br\/blog\/","name":"Avalie Bem Im\u00f3veis","description":"Onde cada im\u00f3vel conta uma hist\u00f3ria \u00fanica.","potentialAction":[{"@type":"SearchAction","target":{"@type":"EntryPoint","urlTemplate":"https:\/\/www.avaliebem.com.br\/blog\/?s={search_term_string}"},"query-input":{"@type":"PropertyValueSpecification","valueRequired":true,"valueName":"search_term_string"}}],"inLanguage":"pt-BR"},{"@type":"Person","@id":"https:\/\/www.avaliebem.com.br\/blog\/#\/schema\/person\/1d359599c7269d8683b385de7ea94a11","name":"Avalie Bem","image":{"@type":"ImageObject","inLanguage":"pt-BR","@id":"https:\/\/www.avaliebem.com.br\/blog\/#\/schema\/person\/image\/","url":"https:\/\/secure.gravatar.com\/avatar\/?s=96&d=mm&r=g","contentUrl":"https:\/\/secure.gravatar.com\/avatar\/?s=96&d=mm&r=g","caption":"Avalie Bem"},"url":"https:\/\/www.avaliebem.com.br\/blog\/author\/admin\/"}]}},"_links":{"self":[{"href":"https:\/\/www.avaliebem.com.br\/blog\/wp-json\/wp\/v2\/posts\/705","targetHints":{"allow":["GET"]}}],"collection":[{"href":"https:\/\/www.avaliebem.com.br\/blog\/wp-json\/wp\/v2\/posts"}],"about":[{"href":"https:\/\/www.avaliebem.com.br\/blog\/wp-json\/wp\/v2\/types\/post"}],"author":[{"embeddable":true,"href":"https:\/\/www.avaliebem.com.br\/blog\/wp-json\/wp\/v2\/users\/1"}],"replies":[{"embeddable":true,"href":"https:\/\/www.avaliebem.com.br\/blog\/wp-json\/wp\/v2\/comments?post=705"}],"version-history":[{"count":2,"href":"https:\/\/www.avaliebem.com.br\/blog\/wp-json\/wp\/v2\/posts\/705\/revisions"}],"predecessor-version":[{"id":709,"href":"https:\/\/www.avaliebem.com.br\/blog\/wp-json\/wp\/v2\/posts\/705\/revisions\/709"}],"wp:featuredmedia":[{"embeddable":true,"href":"https:\/\/www.avaliebem.com.br\/blog\/wp-json\/wp\/v2\/media\/708"}],"wp:attachment":[{"href":"https:\/\/www.avaliebem.com.br\/blog\/wp-json\/wp\/v2\/media?parent=705"}],"wp:term":[{"taxonomy":"category","embeddable":true,"href":"https:\/\/www.avaliebem.com.br\/blog\/wp-json\/wp\/v2\/categories?post=705"},{"taxonomy":"post_tag","embeddable":true,"href":"https:\/\/www.avaliebem.com.br\/blog\/wp-json\/wp\/v2\/tags?post=705"}],"curies":[{"name":"wp","href":"https:\/\/api.w.org\/{rel}","templated":true}]}}