{"id":698,"date":"2025-08-19T16:59:21","date_gmt":"2025-08-19T19:59:21","guid":{"rendered":"https:\/\/www.avaliebem.com.br\/blog\/?p=698"},"modified":"2025-09-02T11:33:25","modified_gmt":"2025-09-02T14:33:25","slug":"infraestrutura-condominios-porto-alegre","status":"publish","type":"post","link":"https:\/\/www.avaliebem.com.br\/blog\/infraestrutura-condominios-porto-alegre\/","title":{"rendered":"Da garagem ao Rooftop: como a infraestrutura impacta o dia a dia nos condom\u00ednios"},"content":{"rendered":"\n<h2 class=\"wp-block-heading\"><strong>Por que a infraestrutura \u00e9 t\u00e3o importante em condom\u00ednios?<\/strong><\/h2>\n\n\n\n<p>A <strong>infraestrutura de condom\u00ednios<\/strong> vai muito al\u00e9m das paredes do apartamento. Ela \u00e9 determinante na <strong>valoriza\u00e7\u00e3o do im\u00f3vel<\/strong>, no <strong>conforto di\u00e1rio dos moradores<\/strong> e na <strong>seguran\u00e7a patrimonial<\/strong>. Em Porto Alegre, onde o mercado imobili\u00e1rio de alto padr\u00e3o est\u00e1 em crescimento, pr\u00e9dios com infraestrutura completa se destacam em bairros nobres como Jardim Europa, Bela Vista e Moinhos de Vento.<\/p>\n\n\n\n<p>Na <a href=\"https:\/\/www.avaliebem.com.br\/home\"><mark style=\"background-color:rgba(0, 0, 0, 0)\" class=\"has-inline-color has-vivid-cyan-blue-color\">Avalie Bem Im\u00f3veis<\/mark><\/a>, acompanhamos de perto essa evolu\u00e7\u00e3o e oferecemos im\u00f3veis que unem exclusividade, sofistica\u00e7\u00e3o e qualidade de vida.<\/p>\n\n\n\n<hr class=\"wp-block-separator has-alpha-channel-opacity\"\/>\n\n\n\n<h2 class=\"wp-block-heading\"><strong>Garagem: o primeiro diferencial da infraestrutura<\/strong><\/h2>\n\n\n\n<p>A garagem \u00e9, muitas vezes, o primeiro contato do morador com o pr\u00e9dio. Em empreendimentos de luxo, n\u00e3o se trata apenas de vagas de estacionamento, mas de:<\/p>\n\n\n\n<ul class=\"wp-block-list\">\n<li><strong>Vagas cobertas e escrituradas<\/strong>;<\/li>\n\n\n\n<li><strong>Espa\u00e7o para ve\u00edculos el\u00e9tricos com pontos de recarga<\/strong>;<\/li>\n\n\n\n<li><strong>Dep\u00f3sitos individuais<\/strong> junto \u00e0s vagas;<\/li>\n\n\n\n<li><strong>Circula\u00e7\u00e3o ampla<\/strong>, que evita manobras dif\u00edceis.<\/li>\n<\/ul>\n\n\n\n<p>Esse cuidado aumenta a comodidade e valoriza o im\u00f3vel em compara\u00e7\u00e3o a pr\u00e9dios sem estrutura adequada.<\/p>\n\n\n\n<hr class=\"wp-block-separator has-alpha-channel-opacity\"\/>\n\n\n\n<h2 class=\"wp-block-heading\"><strong>\u00c1reas comuns: o cora\u00e7\u00e3o da vida em condom\u00ednio<\/strong><\/h2>\n\n\n\n<p>As \u00e1reas comuns se tornaram um grande atrativo nos empreendimentos de luxo. Hoje, elas n\u00e3o oferecem apenas lazer, mas tamb\u00e9m funcionalidade e conviv\u00eancia. De acordo com a <a href=\"https:\/\/casavogue.globo.com\/Arquitetura\/Cidade\/noticia\/2021\/03\/6-tendencias-que-estao-ganhando-forca-nas-areas-comuns-dos-condominios.html\"><mark style=\"background-color:rgba(0, 0, 0, 0)\" class=\"has-inline-color has-vivid-cyan-blue-color\">Casa Vogue<\/mark><\/a>, algumas das tend\u00eancias mais fortes em condom\u00ednios incluem <strong>salas de coworking, espa\u00e7os pet, \u00e1reas de bem-estar e rooftops multifuncionais<\/strong>.<\/p>\n\n\n\n<p>Em Porto Alegre, essas tend\u00eancias j\u00e1 s\u00e3o realidade em lan\u00e7amentos de alto padr\u00e3o. \u00c1reas gourmet, piscinas climatizadas, academias equipadas e brinquedotecas refor\u00e7am o conceito de que o condom\u00ednio pode oferecer tudo o que o morador precisa sem sair de casa.<\/p>\n\n\n\n<hr class=\"wp-block-separator has-alpha-channel-opacity\"\/>\n\n\n\n<h2 class=\"wp-block-heading\"><strong>Seguran\u00e7a e tecnologia: prioridade em pr\u00e9dios de luxo<\/strong><\/h2>\n\n\n\n<p>A infraestrutura de seguran\u00e7a \u00e9 um dos pontos mais valorizados no mercado de alto padr\u00e3o. Entre as principais solu\u00e7\u00f5es est\u00e3o:<\/p>\n\n\n\n<ul class=\"wp-block-list\">\n<li><strong>Portaria remota com reconhecimento facial<\/strong>;<\/li>\n\n\n\n<li><strong>Monitoramento 24h com c\u00e2meras inteligentes<\/strong>;<\/li>\n\n\n\n<li><strong>Controle de acesso por biometria<\/strong>;<\/li>\n\n\n\n<li><strong>Elevadores com sistema inteligente de destino<\/strong>.<\/li>\n<\/ul>\n\n\n\n<p>Esses diferenciais garantem tranquilidade, sofistica\u00e7\u00e3o e refor\u00e7am o im\u00f3vel como um <strong>patrim\u00f4nio protegido<\/strong>.<\/p>\n\n\n\n<hr class=\"wp-block-separator has-alpha-channel-opacity\"\/>\n\n\n\n<h2 class=\"wp-block-heading\"><strong>Rooftop: exclusividade e estilo de vida<\/strong><\/h2>\n\n\n\n<p>O <strong>rooftop<\/strong> deixou de ser apenas um espa\u00e7o de lazer e se tornou um dos principais diferenciais de infraestrutura nos pr\u00e9dios de luxo. Al\u00e9m da vista privilegiada, oferece:<\/p>\n\n\n\n<ul class=\"wp-block-list\">\n<li><strong>Piscinas de borda infinita<\/strong>;<\/li>\n\n\n\n<li><strong>Espa\u00e7os gourmet panor\u00e2micos<\/strong>;<\/li>\n\n\n\n<li><strong>\u00c1reas verdes suspensas<\/strong>;<\/li>\n\n\n\n<li><strong>Lounges sofisticados para conviv\u00eancia<\/strong>.<\/li>\n<\/ul>\n\n\n\n<p>Esse tipo de estrutura transforma o condom\u00ednio em um verdadeiro clube particular, valorizando ainda mais o im\u00f3vel.<\/p>\n\n\n\n<hr class=\"wp-block-separator has-alpha-channel-opacity\"\/>\n\n\n\n<h2 class=\"wp-block-heading\"><strong>Valoriza\u00e7\u00e3o e qualidade de vida em Porto Alegre<\/strong><\/h2>\n\n\n\n<p>Pr\u00e9dios com infraestrutura completa registram <strong>maior liquidez<\/strong> e <strong>valoriza\u00e7\u00e3o acima da m\u00e9dia<\/strong>. Em muitos casos, im\u00f3veis em condom\u00ednios com piscina, academia e \u00e1reas comuns inovadoras podem alcan\u00e7ar at\u00e9 <strong>20% mais valor<\/strong> do que pr\u00e9dios simples.<\/p>\n\n\n\n<p>Para investidores, isso significa <strong>prote\u00e7\u00e3o e crescimento patrimonial<\/strong>. Para moradores, significa viver com <strong>conforto, seguran\u00e7a e exclusividade<\/strong>.<\/p>\n\n\n\n<hr class=\"wp-block-separator has-alpha-channel-opacity\"\/>\n\n\n\n<h2 class=\"wp-block-heading\"><strong>Conclus\u00e3o: investir em infraestrutura \u00e9 investir em bem-estar<\/strong><\/h2>\n\n\n\n<p>Da garagem ao rooftop, a infraestrutura impacta diretamente o dia a dia e a valoriza\u00e7\u00e3o dos im\u00f3veis. Em Porto Alegre, escolher um condom\u00ednio bem estruturado \u00e9 garantir <strong>sofistica\u00e7\u00e3o, seguran\u00e7a e retorno sobre o investimento<\/strong>.<\/p>\n\n\n\n<p>Na <a href=\"https:\/\/www.avaliebem.com.br\/home\"><mark style=\"background-color:rgba(0, 0, 0, 0)\" class=\"has-inline-color has-vivid-cyan-blue-color\">Avalie Bem Im\u00f3veis<\/mark><\/a>, selecionamos empreendimentos de alto padr\u00e3o que oferecem as melhores infraestruturas da cidade.<\/p>\n\n\n\n<p>Entre em <a href=\"https:\/\/www.avaliebem.com.br\/contato\/\"><mark style=\"background-color:rgba(0, 0, 0, 0)\" class=\"has-inline-color has-vivid-cyan-blue-color\">contato conosco<\/mark><\/a> e descubra oportunidades exclusivas que unem tecnologia, lazer e qualidade de vida.<\/p>\n","protected":false},"excerpt":{"rendered":"<p>Por que a infraestrutura \u00e9 t\u00e3o importante em condom\u00ednios? A infraestrutura de condom\u00ednios vai muito al\u00e9m das paredes do apartamento. Ela \u00e9 determinante na valoriza\u00e7\u00e3o do im\u00f3vel, no conforto di\u00e1rio [&hellip;]<\/p>\n","protected":false},"author":1,"featured_media":703,"comment_status":"open","ping_status":"open","sticky":false,"template":"","format":"standard","meta":{"inline_featured_image":false,"footnotes":""},"categories":[84],"tags":[],"class_list":["post-698","post","type-post","status-publish","format-standard","has-post-thumbnail","hentry","category-tendencias"],"yoast_head":"<!-- This site is optimized with the Yoast SEO plugin v23.4 - https:\/\/yoast.com\/wordpress\/plugins\/seo\/ -->\n<title>Infraestrutura dos condom\u00ednios valoriza im\u00f3veis em Porto Alegre<\/title>\n<meta name=\"description\" content=\"Da garagem ao Rooftop, descubra como a infraestrutura de condom\u00ednios impacta o dia a dia e a valoriza\u00e7\u00e3o dos im\u00f3veis de alto padr\u00e3o em Porto Alegre.\" \/>\n<meta name=\"robots\" content=\"index, follow, max-snippet:-1, max-image-preview:large, max-video-preview:-1\" \/>\n<link rel=\"canonical\" href=\"https:\/\/www.avaliebem.com.br\/blog\/infraestrutura-condominios-porto-alegre\/\" \/>\n<meta property=\"og:locale\" content=\"pt_BR\" \/>\n<meta property=\"og:type\" content=\"article\" \/>\n<meta property=\"og:title\" content=\"Infraestrutura dos condom\u00ednios valoriza im\u00f3veis em Porto Alegre\" \/>\n<meta property=\"og:description\" content=\"Da garagem ao Rooftop, descubra como a infraestrutura de condom\u00ednios impacta o dia a dia e a valoriza\u00e7\u00e3o dos im\u00f3veis de alto padr\u00e3o em Porto Alegre.\" \/>\n<meta property=\"og:url\" content=\"https:\/\/www.avaliebem.com.br\/blog\/infraestrutura-condominios-porto-alegre\/\" \/>\n<meta property=\"og:site_name\" content=\"Avalie Bem Im\u00f3veis\" \/>\n<meta property=\"article:published_time\" content=\"2025-08-19T19:59:21+00:00\" \/>\n<meta property=\"article:modified_time\" content=\"2025-09-02T14:33:25+00:00\" \/>\n<meta property=\"og:image\" content=\"https:\/\/www.avaliebem.com.br\/blog\/wp-content\/uploads\/2025\/08\/Artigo-03-1024x727.jpg\" \/>\n\t<meta property=\"og:image:width\" content=\"1024\" \/>\n\t<meta property=\"og:image:height\" content=\"727\" \/>\n\t<meta property=\"og:image:type\" content=\"image\/jpeg\" \/>\n<meta name=\"author\" content=\"Avalie Bem\" \/>\n<meta name=\"twitter:card\" content=\"summary_large_image\" \/>\n<meta name=\"twitter:label1\" content=\"Escrito por\" \/>\n\t<meta name=\"twitter:data1\" content=\"Avalie Bem\" \/>\n\t<meta name=\"twitter:label2\" content=\"Est. tempo de leitura\" \/>\n\t<meta name=\"twitter:data2\" content=\"4 minutos\" \/>\n<script type=\"application\/ld+json\" class=\"yoast-schema-graph\">{\"@context\":\"https:\/\/schema.org\",\"@graph\":[{\"@type\":\"WebPage\",\"@id\":\"https:\/\/www.avaliebem.com.br\/blog\/infraestrutura-condominios-porto-alegre\/\",\"url\":\"https:\/\/www.avaliebem.com.br\/blog\/infraestrutura-condominios-porto-alegre\/\",\"name\":\"Infraestrutura dos condom\u00ednios valoriza im\u00f3veis em Porto Alegre\",\"isPartOf\":{\"@id\":\"https:\/\/www.avaliebem.com.br\/blog\/#website\"},\"primaryImageOfPage\":{\"@id\":\"https:\/\/www.avaliebem.com.br\/blog\/infraestrutura-condominios-porto-alegre\/#primaryimage\"},\"image\":{\"@id\":\"https:\/\/www.avaliebem.com.br\/blog\/infraestrutura-condominios-porto-alegre\/#primaryimage\"},\"thumbnailUrl\":\"https:\/\/www.avaliebem.com.br\/blog\/wp-content\/uploads\/2025\/08\/Artigo-03.jpg\",\"datePublished\":\"2025-08-19T19:59:21+00:00\",\"dateModified\":\"2025-09-02T14:33:25+00:00\",\"author\":{\"@id\":\"https:\/\/www.avaliebem.com.br\/blog\/#\/schema\/person\/1d359599c7269d8683b385de7ea94a11\"},\"description\":\"Da garagem ao Rooftop, descubra como a infraestrutura de condom\u00ednios impacta o dia a dia e a valoriza\u00e7\u00e3o dos im\u00f3veis de alto padr\u00e3o em Porto Alegre.\",\"breadcrumb\":{\"@id\":\"https:\/\/www.avaliebem.com.br\/blog\/infraestrutura-condominios-porto-alegre\/#breadcrumb\"},\"inLanguage\":\"pt-BR\",\"potentialAction\":[{\"@type\":\"ReadAction\",\"target\":[\"https:\/\/www.avaliebem.com.br\/blog\/infraestrutura-condominios-porto-alegre\/\"]}]},{\"@type\":\"ImageObject\",\"inLanguage\":\"pt-BR\",\"@id\":\"https:\/\/www.avaliebem.com.br\/blog\/infraestrutura-condominios-porto-alegre\/#primaryimage\",\"url\":\"https:\/\/www.avaliebem.com.br\/blog\/wp-content\/uploads\/2025\/08\/Artigo-03.jpg\",\"contentUrl\":\"https:\/\/www.avaliebem.com.br\/blog\/wp-content\/uploads\/2025\/08\/Artigo-03.jpg\",\"width\":2188,\"height\":1553,\"caption\":\"Infraestrutura completa em pr\u00e9dios de alto padr\u00e3o: coworking, academia, piscina no rooftop e \u00e1reas de lazer que valorizam o im\u00f3vel e o dia a dia.\"},{\"@type\":\"BreadcrumbList\",\"@id\":\"https:\/\/www.avaliebem.com.br\/blog\/infraestrutura-condominios-porto-alegre\/#breadcrumb\",\"itemListElement\":[{\"@type\":\"ListItem\",\"position\":1,\"name\":\"In\u00edcio\",\"item\":\"https:\/\/www.avaliebem.com.br\/blog\/\"},{\"@type\":\"ListItem\",\"position\":2,\"name\":\"Da garagem ao Rooftop: como a infraestrutura impacta o dia a dia nos condom\u00ednios\"}]},{\"@type\":\"WebSite\",\"@id\":\"https:\/\/www.avaliebem.com.br\/blog\/#website\",\"url\":\"https:\/\/www.avaliebem.com.br\/blog\/\",\"name\":\"Avalie Bem Im\u00f3veis\",\"description\":\"Onde cada im\u00f3vel conta uma hist\u00f3ria \u00fanica.\",\"potentialAction\":[{\"@type\":\"SearchAction\",\"target\":{\"@type\":\"EntryPoint\",\"urlTemplate\":\"https:\/\/www.avaliebem.com.br\/blog\/?s={search_term_string}\"},\"query-input\":{\"@type\":\"PropertyValueSpecification\",\"valueRequired\":true,\"valueName\":\"search_term_string\"}}],\"inLanguage\":\"pt-BR\"},{\"@type\":\"Person\",\"@id\":\"https:\/\/www.avaliebem.com.br\/blog\/#\/schema\/person\/1d359599c7269d8683b385de7ea94a11\",\"name\":\"Avalie Bem\",\"image\":{\"@type\":\"ImageObject\",\"inLanguage\":\"pt-BR\",\"@id\":\"https:\/\/www.avaliebem.com.br\/blog\/#\/schema\/person\/image\/\",\"url\":\"https:\/\/secure.gravatar.com\/avatar\/?s=96&d=mm&r=g\",\"contentUrl\":\"https:\/\/secure.gravatar.com\/avatar\/?s=96&d=mm&r=g\",\"caption\":\"Avalie Bem\"},\"url\":\"https:\/\/www.avaliebem.com.br\/blog\/author\/admin\/\"}]}<\/script>\n<!-- \/ Yoast SEO plugin. -->","yoast_head_json":{"title":"Infraestrutura dos condom\u00ednios valoriza im\u00f3veis em Porto Alegre","description":"Da garagem ao Rooftop, descubra como a infraestrutura de condom\u00ednios impacta o dia a dia e a valoriza\u00e7\u00e3o dos im\u00f3veis de alto padr\u00e3o em Porto Alegre.","robots":{"index":"index","follow":"follow","max-snippet":"max-snippet:-1","max-image-preview":"max-image-preview:large","max-video-preview":"max-video-preview:-1"},"canonical":"https:\/\/www.avaliebem.com.br\/blog\/infraestrutura-condominios-porto-alegre\/","og_locale":"pt_BR","og_type":"article","og_title":"Infraestrutura dos condom\u00ednios valoriza im\u00f3veis em Porto Alegre","og_description":"Da garagem ao Rooftop, descubra como a infraestrutura de condom\u00ednios impacta o dia a dia e a valoriza\u00e7\u00e3o dos im\u00f3veis de alto padr\u00e3o em Porto Alegre.","og_url":"https:\/\/www.avaliebem.com.br\/blog\/infraestrutura-condominios-porto-alegre\/","og_site_name":"Avalie Bem Im\u00f3veis","article_published_time":"2025-08-19T19:59:21+00:00","article_modified_time":"2025-09-02T14:33:25+00:00","og_image":[{"width":1024,"height":727,"url":"https:\/\/www.avaliebem.com.br\/blog\/wp-content\/uploads\/2025\/08\/Artigo-03-1024x727.jpg","type":"image\/jpeg"}],"author":"Avalie Bem","twitter_card":"summary_large_image","twitter_misc":{"Escrito por":"Avalie Bem","Est. tempo de leitura":"4 minutos"},"schema":{"@context":"https:\/\/schema.org","@graph":[{"@type":"WebPage","@id":"https:\/\/www.avaliebem.com.br\/blog\/infraestrutura-condominios-porto-alegre\/","url":"https:\/\/www.avaliebem.com.br\/blog\/infraestrutura-condominios-porto-alegre\/","name":"Infraestrutura dos condom\u00ednios valoriza im\u00f3veis em Porto Alegre","isPartOf":{"@id":"https:\/\/www.avaliebem.com.br\/blog\/#website"},"primaryImageOfPage":{"@id":"https:\/\/www.avaliebem.com.br\/blog\/infraestrutura-condominios-porto-alegre\/#primaryimage"},"image":{"@id":"https:\/\/www.avaliebem.com.br\/blog\/infraestrutura-condominios-porto-alegre\/#primaryimage"},"thumbnailUrl":"https:\/\/www.avaliebem.com.br\/blog\/wp-content\/uploads\/2025\/08\/Artigo-03.jpg","datePublished":"2025-08-19T19:59:21+00:00","dateModified":"2025-09-02T14:33:25+00:00","author":{"@id":"https:\/\/www.avaliebem.com.br\/blog\/#\/schema\/person\/1d359599c7269d8683b385de7ea94a11"},"description":"Da garagem ao Rooftop, descubra como a infraestrutura de condom\u00ednios impacta o dia a dia e a valoriza\u00e7\u00e3o dos im\u00f3veis de alto padr\u00e3o em Porto Alegre.","breadcrumb":{"@id":"https:\/\/www.avaliebem.com.br\/blog\/infraestrutura-condominios-porto-alegre\/#breadcrumb"},"inLanguage":"pt-BR","potentialAction":[{"@type":"ReadAction","target":["https:\/\/www.avaliebem.com.br\/blog\/infraestrutura-condominios-porto-alegre\/"]}]},{"@type":"ImageObject","inLanguage":"pt-BR","@id":"https:\/\/www.avaliebem.com.br\/blog\/infraestrutura-condominios-porto-alegre\/#primaryimage","url":"https:\/\/www.avaliebem.com.br\/blog\/wp-content\/uploads\/2025\/08\/Artigo-03.jpg","contentUrl":"https:\/\/www.avaliebem.com.br\/blog\/wp-content\/uploads\/2025\/08\/Artigo-03.jpg","width":2188,"height":1553,"caption":"Infraestrutura completa em pr\u00e9dios de alto padr\u00e3o: coworking, academia, piscina no rooftop e \u00e1reas de lazer que valorizam o im\u00f3vel e o dia a dia."},{"@type":"BreadcrumbList","@id":"https:\/\/www.avaliebem.com.br\/blog\/infraestrutura-condominios-porto-alegre\/#breadcrumb","itemListElement":[{"@type":"ListItem","position":1,"name":"In\u00edcio","item":"https:\/\/www.avaliebem.com.br\/blog\/"},{"@type":"ListItem","position":2,"name":"Da garagem ao Rooftop: como a infraestrutura impacta o dia a dia nos condom\u00ednios"}]},{"@type":"WebSite","@id":"https:\/\/www.avaliebem.com.br\/blog\/#website","url":"https:\/\/www.avaliebem.com.br\/blog\/","name":"Avalie Bem Im\u00f3veis","description":"Onde cada im\u00f3vel conta uma hist\u00f3ria \u00fanica.","potentialAction":[{"@type":"SearchAction","target":{"@type":"EntryPoint","urlTemplate":"https:\/\/www.avaliebem.com.br\/blog\/?s={search_term_string}"},"query-input":{"@type":"PropertyValueSpecification","valueRequired":true,"valueName":"search_term_string"}}],"inLanguage":"pt-BR"},{"@type":"Person","@id":"https:\/\/www.avaliebem.com.br\/blog\/#\/schema\/person\/1d359599c7269d8683b385de7ea94a11","name":"Avalie Bem","image":{"@type":"ImageObject","inLanguage":"pt-BR","@id":"https:\/\/www.avaliebem.com.br\/blog\/#\/schema\/person\/image\/","url":"https:\/\/secure.gravatar.com\/avatar\/?s=96&d=mm&r=g","contentUrl":"https:\/\/secure.gravatar.com\/avatar\/?s=96&d=mm&r=g","caption":"Avalie Bem"},"url":"https:\/\/www.avaliebem.com.br\/blog\/author\/admin\/"}]}},"_links":{"self":[{"href":"https:\/\/www.avaliebem.com.br\/blog\/wp-json\/wp\/v2\/posts\/698","targetHints":{"allow":["GET"]}}],"collection":[{"href":"https:\/\/www.avaliebem.com.br\/blog\/wp-json\/wp\/v2\/posts"}],"about":[{"href":"https:\/\/www.avaliebem.com.br\/blog\/wp-json\/wp\/v2\/types\/post"}],"author":[{"embeddable":true,"href":"https:\/\/www.avaliebem.com.br\/blog\/wp-json\/wp\/v2\/users\/1"}],"replies":[{"embeddable":true,"href":"https:\/\/www.avaliebem.com.br\/blog\/wp-json\/wp\/v2\/comments?post=698"}],"version-history":[{"count":1,"href":"https:\/\/www.avaliebem.com.br\/blog\/wp-json\/wp\/v2\/posts\/698\/revisions"}],"predecessor-version":[{"id":700,"href":"https:\/\/www.avaliebem.com.br\/blog\/wp-json\/wp\/v2\/posts\/698\/revisions\/700"}],"wp:featuredmedia":[{"embeddable":true,"href":"https:\/\/www.avaliebem.com.br\/blog\/wp-json\/wp\/v2\/media\/703"}],"wp:attachment":[{"href":"https:\/\/www.avaliebem.com.br\/blog\/wp-json\/wp\/v2\/media?parent=698"}],"wp:term":[{"taxonomy":"category","embeddable":true,"href":"https:\/\/www.avaliebem.com.br\/blog\/wp-json\/wp\/v2\/categories?post=698"},{"taxonomy":"post_tag","embeddable":true,"href":"https:\/\/www.avaliebem.com.br\/blog\/wp-json\/wp\/v2\/tags?post=698"}],"curies":[{"name":"wp","href":"https:\/\/api.w.org\/{rel}","templated":true}]}}