{"id":683,"date":"2025-08-18T14:18:04","date_gmt":"2025-08-18T17:18:04","guid":{"rendered":"https:\/\/www.avaliebem.com.br\/blog\/?p=683"},"modified":"2025-09-02T11:32:40","modified_gmt":"2025-09-02T14:32:40","slug":"bairro-mais-valorizado-porto-alegre-2025","status":"publish","type":"post","link":"https:\/\/www.avaliebem.com.br\/blog\/bairro-mais-valorizado-porto-alegre-2025\/","title":{"rendered":"Qual bairro de Porto Alegre mais valorizou em 2025?"},"content":{"rendered":"\n<h2 class=\"wp-block-heading\"><strong>Bairros em alta no mercado imobili\u00e1rio de Porto Alegre<\/strong><\/h2>\n\n\n\n<p>O mercado imobili\u00e1rio de Porto Alegre surpreendeu em 2025. Segundo levantamento do <a class=\"\" href=\"https:\/\/g1.globo.com\/jornal-nacional\/noticia\/2025\/07\/02\/preco-dos-imoveis-residenciais-sobe-acima-da-inflacao-no-primeiro-semestre-de-2025.ghtml\"><strong><mark style=\"background-color:rgba(0, 0, 0, 0)\" class=\"has-inline-color has-vivid-cyan-blue-color\">G1<\/mark><\/strong><\/a>, os im\u00f3veis residenciais da capital ga\u00facha tiveram aumento de pre\u00e7os acima da infla\u00e7\u00e3o no primeiro semestre do ano. Essa tend\u00eancia refor\u00e7a a cidade como uma das melhores op\u00e7\u00f5es do Brasil para quem deseja investir em im\u00f3veis de alto padr\u00e3o.<\/p>\n\n\n\n<p>Mas surge a pergunta-chave: <strong>qual foi o bairro mais valorizado de Porto Alegre em 2025?<\/strong> A resposta est\u00e1 ligada \u00e0 combina\u00e7\u00e3o de localiza\u00e7\u00e3o privilegiada, infraestrutura completa e alta procura por qualidade de vida.<\/p>\n\n\n\n<hr class=\"wp-block-separator has-alpha-channel-opacity\"\/>\n\n\n\n<h2 class=\"wp-block-heading\"><strong>Jardim Europa: o bairro mais valorizado em 2025<\/strong><\/h2>\n\n\n\n<p>De acordo com mat\u00e9ria do <a class=\"\" href=\"https:\/\/www.correiodopovo.com.br\/not%C3%ADcias\/economia\/quais-s%C3%A3o-os-bairros-mais-valorizados-por-im%C3%B3vel-em-porto-alegre-veja-lista-1.1592431\"><strong><mark style=\"background-color:rgba(0, 0, 0, 0)\" class=\"has-inline-color has-vivid-cyan-blue-color\">Correio do Povo<\/mark><\/strong><\/a>, o <strong>Jardim Europa<\/strong> foi um dos bairros que mais se destacaram em valoriza\u00e7\u00e3o em 2025. Situado ao lado do Parque Germ\u00e2nia e pr\u00f3ximo ao Shopping Iguatemi, o bairro re\u00fane caracter\u00edsticas que atraem compradores exigentes:<\/p>\n\n\n\n<ul class=\"wp-block-list\">\n<li>Condom\u00ednios de alto padr\u00e3o com infraestrutura completa;<\/li>\n\n\n\n<li>Escassez de terrenos dispon\u00edveis, o que impulsiona os pre\u00e7os;<\/li>\n\n\n\n<li>Apartamentos amplos com tr\u00eas e quatro su\u00edtes;<\/li>\n\n\n\n<li>Forte demanda para compra e tamb\u00e9m para loca\u00e7\u00e3o.<\/li>\n<\/ul>\n\n\n\n<p>Quem adquiriu im\u00f3veis nessa regi\u00e3o nos \u00faltimos anos j\u00e1 observa um ganho patrimonial acima da m\u00e9dia da cidade.<\/p>\n\n\n\n<hr class=\"wp-block-separator has-alpha-channel-opacity\"\/>\n\n\n\n<h2 class=\"wp-block-heading\"><strong>Moinhos de Vento e Bela Vista: tradi\u00e7\u00e3o e solidez<\/strong><\/h2>\n\n\n\n<p>O <strong>Moinhos de Vento<\/strong> continua entre os bairros mais valorizados de Porto Alegre. Reconhecido pela eleg\u00e2ncia, pela Rua Padre Chagas e pela proximidade com hospitais de excel\u00eancia, o bairro mant\u00e9m liquidez alta e im\u00f3veis em constante procura, especialmente coberturas e apartamentos reformados.<\/p>\n\n\n\n<p>J\u00e1 o <strong>Bela Vista<\/strong> refor\u00e7a sua posi\u00e7\u00e3o como bairro consolidado para fam\u00edlias. Os condom\u00ednios verticais de luxo, aliados \u00e0 tranquilidade e \u00e0 boa oferta de servi\u00e7os pr\u00f3ximos, tornam a regi\u00e3o uma escolha segura para quem busca qualidade de vida.<\/p>\n\n\n\n<hr class=\"wp-block-separator has-alpha-channel-opacity\"\/>\n\n\n\n<h2 class=\"wp-block-heading\"><strong>Fatores que explicam a valoriza\u00e7\u00e3o<\/strong><\/h2>\n\n\n\n<p>Os bairros que mais valorizaram em Porto Alegre em 2025 compartilham alguns pontos em comum:<\/p>\n\n\n\n<ol class=\"wp-block-list\">\n<li><strong>Localiza\u00e7\u00e3o estrat\u00e9gica<\/strong> perto de \u00e1reas verdes e centros comerciais.<\/li>\n\n\n\n<li><strong>Oferta restrita de terrenos<\/strong>, que limita novos lan\u00e7amentos.<\/li>\n\n\n\n<li><strong>Busca por im\u00f3veis maiores<\/strong> e adaptados ao estilo de vida moderno.<\/li>\n\n\n\n<li><strong>Prefer\u00eancia por seguran\u00e7a e infraestrutura completa<\/strong> em condom\u00ednios.<\/li>\n\n\n\n<li><strong>Investidores de alto padr\u00e3o<\/strong> usando im\u00f3veis como prote\u00e7\u00e3o contra a infla\u00e7\u00e3o, conforme an\u00e1lises da <a href=\"https:\/\/cbic.org.br\"><strong><mark style=\"background-color:rgba(0, 0, 0, 0)\" class=\"has-inline-color has-vivid-cyan-blue-color\">CBIC<\/mark><\/strong><\/a> e dados do <a href=\"https:\/\/www.fipe.org.br\/pt-br\/indices\/fipezap\"><strong><mark style=\"background-color:rgba(0, 0, 0, 0)\" class=\"has-inline-color has-vivid-cyan-blue-color\">FipeZAP<\/mark><\/strong><\/a>.<\/li>\n<\/ol>\n\n\n\n<p>Esses fatores explicam por que regi\u00f5es como Jardim Europa, Moinhos de Vento e Bela Vista est\u00e3o entre os bairros mais valorizados em 2025.<\/p>\n\n\n\n<hr class=\"wp-block-separator has-alpha-channel-opacity\"\/>\n\n\n\n<h2 class=\"wp-block-heading\"><strong>Oportunidade para investidores exigentes<\/strong><\/h2>\n\n\n\n<p>Investir em im\u00f3veis de alto padr\u00e3o nesses bairros \u00e9 uma estrat\u00e9gia s\u00f3lida para quem deseja proteger e ampliar seu patrim\u00f4nio. Al\u00e9m da valoriza\u00e7\u00e3o, esses im\u00f3veis oferecem liquidez, exclusividade e forte apelo de qualidade de vida.<\/p>\n\n\n\n<p>Na <a class=\"\" href=\"https:\/\/www.avaliebem.com.br\/\"><strong><mark style=\"background-color:rgba(0, 0, 0, 0)\" class=\"has-inline-color has-vivid-cyan-blue-color\">Avalie Bem Im\u00f3veis<\/mark><\/strong><\/a>, oferecemos consultoria especializada para orientar compradores e investidores na escolha de im\u00f3veis em regi\u00f5es de destaque. Nossa equipe acompanha de perto as tend\u00eancias do mercado local para garantir negocia\u00e7\u00f5es seguras e rent\u00e1veis.<\/p>\n\n\n\n<p>\u27a1\ufe0f Entre em <a class=\"\" href=\"https:\/\/www.avaliebem.com.br\/contato\/\"><strong><mark style=\"background-color:rgba(0, 0, 0, 0)\" class=\"has-inline-color has-vivid-cyan-blue-color\">contato conosco<\/mark><\/strong><\/a> e conhe\u00e7a oportunidades exclusivas nos bairros que mais valorizam em Porto Alegre.<\/p>\n\n\n\n<hr class=\"wp-block-separator has-alpha-channel-opacity\"\/>\n\n\n\n<h2 class=\"wp-block-heading\"><strong>Conclus\u00e3o<\/strong><\/h2>\n\n\n\n<p>O <strong>bairro mais valorizado de Porto Alegre em 2025 foi o Jardim Europa<\/strong>, seguido de perto por Moinhos de Vento e Bela Vista. Esses locais combinam tradi\u00e7\u00e3o, exclusividade e infraestrutura completa, fatores que explicam sua forte valoriza\u00e7\u00e3o. Para investidores e fam\u00edlias que buscam im\u00f3veis de luxo, Porto Alegre segue sendo um mercado promissor em 2025.<br><br>Confira aqui as oportunidades &#8211; <a href=\"https:\/\/www.avaliebem.com.br\/\"><strong><mark style=\"background-color:rgba(0, 0, 0, 0)\" class=\"has-inline-color has-vivid-cyan-blue-color\">www.avaliebem.com.br<\/mark><\/strong><\/a><\/p>\n\n\n\n<p><\/p>\n","protected":false},"excerpt":{"rendered":"<p>Bairros em alta no mercado imobili\u00e1rio de Porto Alegre O mercado imobili\u00e1rio de Porto Alegre surpreendeu em 2025. Segundo levantamento do G1, os im\u00f3veis residenciais da capital ga\u00facha tiveram aumento [&hellip;]<\/p>\n","protected":false},"author":1,"featured_media":702,"comment_status":"open","ping_status":"open","sticky":false,"template":"","format":"standard","meta":{"inline_featured_image":false,"footnotes":""},"categories":[84],"tags":[],"class_list":["post-683","post","type-post","status-publish","format-standard","has-post-thumbnail","hentry","category-tendencias"],"yoast_head":"<!-- This site is optimized with the Yoast SEO plugin v23.4 - https:\/\/yoast.com\/wordpress\/plugins\/seo\/ -->\n<title>Qual bairro de Porto Alegre mais valorizou em 2025? - Avalie Bem Im\u00f3veis<\/title>\n<meta name=\"description\" content=\"Descubra qual foi o bairro mais valorizado de Porto Alegre em 2025 e os motivos que tornam Jardim Europa, Moinhos e Bela Vista destaque no mercado.\" \/>\n<meta name=\"robots\" content=\"index, follow, max-snippet:-1, max-image-preview:large, max-video-preview:-1\" \/>\n<link rel=\"canonical\" href=\"https:\/\/www.avaliebem.com.br\/blog\/bairro-mais-valorizado-porto-alegre-2025\/\" \/>\n<meta property=\"og:locale\" content=\"pt_BR\" \/>\n<meta property=\"og:type\" content=\"article\" \/>\n<meta property=\"og:title\" content=\"Qual bairro de Porto Alegre mais valorizou em 2025? - Avalie Bem Im\u00f3veis\" \/>\n<meta property=\"og:description\" content=\"Descubra qual foi o bairro mais valorizado de Porto Alegre em 2025 e os motivos que tornam Jardim Europa, Moinhos e Bela Vista destaque no mercado.\" \/>\n<meta property=\"og:url\" content=\"https:\/\/www.avaliebem.com.br\/blog\/bairro-mais-valorizado-porto-alegre-2025\/\" \/>\n<meta property=\"og:site_name\" content=\"Avalie Bem Im\u00f3veis\" \/>\n<meta property=\"article:published_time\" content=\"2025-08-18T17:18:04+00:00\" \/>\n<meta property=\"article:modified_time\" content=\"2025-09-02T14:32:40+00:00\" \/>\n<meta property=\"og:image\" content=\"https:\/\/www.avaliebem.com.br\/blog\/wp-content\/uploads\/2025\/08\/Artigo-02-1024x727.jpg\" \/>\n\t<meta property=\"og:image:width\" content=\"1024\" \/>\n\t<meta property=\"og:image:height\" content=\"727\" \/>\n\t<meta property=\"og:image:type\" content=\"image\/jpeg\" \/>\n<meta name=\"author\" content=\"Avalie Bem\" \/>\n<meta name=\"twitter:card\" content=\"summary_large_image\" \/>\n<meta name=\"twitter:label1\" content=\"Escrito por\" \/>\n\t<meta name=\"twitter:data1\" content=\"Avalie Bem\" \/>\n\t<meta name=\"twitter:label2\" content=\"Est. tempo de leitura\" \/>\n\t<meta name=\"twitter:data2\" content=\"4 minutos\" \/>\n<script type=\"application\/ld+json\" class=\"yoast-schema-graph\">{\"@context\":\"https:\/\/schema.org\",\"@graph\":[{\"@type\":\"WebPage\",\"@id\":\"https:\/\/www.avaliebem.com.br\/blog\/bairro-mais-valorizado-porto-alegre-2025\/\",\"url\":\"https:\/\/www.avaliebem.com.br\/blog\/bairro-mais-valorizado-porto-alegre-2025\/\",\"name\":\"Qual bairro de Porto Alegre mais valorizou em 2025? - Avalie Bem Im\u00f3veis\",\"isPartOf\":{\"@id\":\"https:\/\/www.avaliebem.com.br\/blog\/#website\"},\"primaryImageOfPage\":{\"@id\":\"https:\/\/www.avaliebem.com.br\/blog\/bairro-mais-valorizado-porto-alegre-2025\/#primaryimage\"},\"image\":{\"@id\":\"https:\/\/www.avaliebem.com.br\/blog\/bairro-mais-valorizado-porto-alegre-2025\/#primaryimage\"},\"thumbnailUrl\":\"https:\/\/www.avaliebem.com.br\/blog\/wp-content\/uploads\/2025\/08\/Artigo-02.jpg\",\"datePublished\":\"2025-08-18T17:18:04+00:00\",\"dateModified\":\"2025-09-02T14:32:40+00:00\",\"author\":{\"@id\":\"https:\/\/www.avaliebem.com.br\/blog\/#\/schema\/person\/1d359599c7269d8683b385de7ea94a11\"},\"description\":\"Descubra qual foi o bairro mais valorizado de Porto Alegre em 2025 e os motivos que tornam Jardim Europa, Moinhos e Bela Vista destaque no mercado.\",\"breadcrumb\":{\"@id\":\"https:\/\/www.avaliebem.com.br\/blog\/bairro-mais-valorizado-porto-alegre-2025\/#breadcrumb\"},\"inLanguage\":\"pt-BR\",\"potentialAction\":[{\"@type\":\"ReadAction\",\"target\":[\"https:\/\/www.avaliebem.com.br\/blog\/bairro-mais-valorizado-porto-alegre-2025\/\"]}]},{\"@type\":\"ImageObject\",\"inLanguage\":\"pt-BR\",\"@id\":\"https:\/\/www.avaliebem.com.br\/blog\/bairro-mais-valorizado-porto-alegre-2025\/#primaryimage\",\"url\":\"https:\/\/www.avaliebem.com.br\/blog\/wp-content\/uploads\/2025\/08\/Artigo-02.jpg\",\"contentUrl\":\"https:\/\/www.avaliebem.com.br\/blog\/wp-content\/uploads\/2025\/08\/Artigo-02.jpg\",\"width\":2188,\"height\":1553,\"caption\":\"Jardim Europa lidera a valoriza\u00e7\u00e3o imobili\u00e1ria em 2025, seguido de Moinhos de Vento e Bela Vista, com im\u00f3veis de luxo em destaque.\"},{\"@type\":\"BreadcrumbList\",\"@id\":\"https:\/\/www.avaliebem.com.br\/blog\/bairro-mais-valorizado-porto-alegre-2025\/#breadcrumb\",\"itemListElement\":[{\"@type\":\"ListItem\",\"position\":1,\"name\":\"In\u00edcio\",\"item\":\"https:\/\/www.avaliebem.com.br\/blog\/\"},{\"@type\":\"ListItem\",\"position\":2,\"name\":\"Qual bairro de Porto Alegre mais valorizou em 2025?\"}]},{\"@type\":\"WebSite\",\"@id\":\"https:\/\/www.avaliebem.com.br\/blog\/#website\",\"url\":\"https:\/\/www.avaliebem.com.br\/blog\/\",\"name\":\"Avalie Bem Im\u00f3veis\",\"description\":\"Onde cada im\u00f3vel conta uma hist\u00f3ria \u00fanica.\",\"potentialAction\":[{\"@type\":\"SearchAction\",\"target\":{\"@type\":\"EntryPoint\",\"urlTemplate\":\"https:\/\/www.avaliebem.com.br\/blog\/?s={search_term_string}\"},\"query-input\":{\"@type\":\"PropertyValueSpecification\",\"valueRequired\":true,\"valueName\":\"search_term_string\"}}],\"inLanguage\":\"pt-BR\"},{\"@type\":\"Person\",\"@id\":\"https:\/\/www.avaliebem.com.br\/blog\/#\/schema\/person\/1d359599c7269d8683b385de7ea94a11\",\"name\":\"Avalie Bem\",\"image\":{\"@type\":\"ImageObject\",\"inLanguage\":\"pt-BR\",\"@id\":\"https:\/\/www.avaliebem.com.br\/blog\/#\/schema\/person\/image\/\",\"url\":\"https:\/\/secure.gravatar.com\/avatar\/?s=96&d=mm&r=g\",\"contentUrl\":\"https:\/\/secure.gravatar.com\/avatar\/?s=96&d=mm&r=g\",\"caption\":\"Avalie Bem\"},\"url\":\"https:\/\/www.avaliebem.com.br\/blog\/author\/admin\/\"}]}<\/script>\n<!-- \/ Yoast SEO plugin. -->","yoast_head_json":{"title":"Qual bairro de Porto Alegre mais valorizou em 2025? - Avalie Bem Im\u00f3veis","description":"Descubra qual foi o bairro mais valorizado de Porto Alegre em 2025 e os motivos que tornam Jardim Europa, Moinhos e Bela Vista destaque no mercado.","robots":{"index":"index","follow":"follow","max-snippet":"max-snippet:-1","max-image-preview":"max-image-preview:large","max-video-preview":"max-video-preview:-1"},"canonical":"https:\/\/www.avaliebem.com.br\/blog\/bairro-mais-valorizado-porto-alegre-2025\/","og_locale":"pt_BR","og_type":"article","og_title":"Qual bairro de Porto Alegre mais valorizou em 2025? - Avalie Bem Im\u00f3veis","og_description":"Descubra qual foi o bairro mais valorizado de Porto Alegre em 2025 e os motivos que tornam Jardim Europa, Moinhos e Bela Vista destaque no mercado.","og_url":"https:\/\/www.avaliebem.com.br\/blog\/bairro-mais-valorizado-porto-alegre-2025\/","og_site_name":"Avalie Bem Im\u00f3veis","article_published_time":"2025-08-18T17:18:04+00:00","article_modified_time":"2025-09-02T14:32:40+00:00","og_image":[{"width":1024,"height":727,"url":"https:\/\/www.avaliebem.com.br\/blog\/wp-content\/uploads\/2025\/08\/Artigo-02-1024x727.jpg","type":"image\/jpeg"}],"author":"Avalie Bem","twitter_card":"summary_large_image","twitter_misc":{"Escrito por":"Avalie Bem","Est. tempo de leitura":"4 minutos"},"schema":{"@context":"https:\/\/schema.org","@graph":[{"@type":"WebPage","@id":"https:\/\/www.avaliebem.com.br\/blog\/bairro-mais-valorizado-porto-alegre-2025\/","url":"https:\/\/www.avaliebem.com.br\/blog\/bairro-mais-valorizado-porto-alegre-2025\/","name":"Qual bairro de Porto Alegre mais valorizou em 2025? - Avalie Bem Im\u00f3veis","isPartOf":{"@id":"https:\/\/www.avaliebem.com.br\/blog\/#website"},"primaryImageOfPage":{"@id":"https:\/\/www.avaliebem.com.br\/blog\/bairro-mais-valorizado-porto-alegre-2025\/#primaryimage"},"image":{"@id":"https:\/\/www.avaliebem.com.br\/blog\/bairro-mais-valorizado-porto-alegre-2025\/#primaryimage"},"thumbnailUrl":"https:\/\/www.avaliebem.com.br\/blog\/wp-content\/uploads\/2025\/08\/Artigo-02.jpg","datePublished":"2025-08-18T17:18:04+00:00","dateModified":"2025-09-02T14:32:40+00:00","author":{"@id":"https:\/\/www.avaliebem.com.br\/blog\/#\/schema\/person\/1d359599c7269d8683b385de7ea94a11"},"description":"Descubra qual foi o bairro mais valorizado de Porto Alegre em 2025 e os motivos que tornam Jardim Europa, Moinhos e Bela Vista destaque no mercado.","breadcrumb":{"@id":"https:\/\/www.avaliebem.com.br\/blog\/bairro-mais-valorizado-porto-alegre-2025\/#breadcrumb"},"inLanguage":"pt-BR","potentialAction":[{"@type":"ReadAction","target":["https:\/\/www.avaliebem.com.br\/blog\/bairro-mais-valorizado-porto-alegre-2025\/"]}]},{"@type":"ImageObject","inLanguage":"pt-BR","@id":"https:\/\/www.avaliebem.com.br\/blog\/bairro-mais-valorizado-porto-alegre-2025\/#primaryimage","url":"https:\/\/www.avaliebem.com.br\/blog\/wp-content\/uploads\/2025\/08\/Artigo-02.jpg","contentUrl":"https:\/\/www.avaliebem.com.br\/blog\/wp-content\/uploads\/2025\/08\/Artigo-02.jpg","width":2188,"height":1553,"caption":"Jardim Europa lidera a valoriza\u00e7\u00e3o imobili\u00e1ria em 2025, seguido de Moinhos de Vento e Bela Vista, com im\u00f3veis de luxo em destaque."},{"@type":"BreadcrumbList","@id":"https:\/\/www.avaliebem.com.br\/blog\/bairro-mais-valorizado-porto-alegre-2025\/#breadcrumb","itemListElement":[{"@type":"ListItem","position":1,"name":"In\u00edcio","item":"https:\/\/www.avaliebem.com.br\/blog\/"},{"@type":"ListItem","position":2,"name":"Qual bairro de Porto Alegre mais valorizou em 2025?"}]},{"@type":"WebSite","@id":"https:\/\/www.avaliebem.com.br\/blog\/#website","url":"https:\/\/www.avaliebem.com.br\/blog\/","name":"Avalie Bem Im\u00f3veis","description":"Onde cada im\u00f3vel conta uma hist\u00f3ria \u00fanica.","potentialAction":[{"@type":"SearchAction","target":{"@type":"EntryPoint","urlTemplate":"https:\/\/www.avaliebem.com.br\/blog\/?s={search_term_string}"},"query-input":{"@type":"PropertyValueSpecification","valueRequired":true,"valueName":"search_term_string"}}],"inLanguage":"pt-BR"},{"@type":"Person","@id":"https:\/\/www.avaliebem.com.br\/blog\/#\/schema\/person\/1d359599c7269d8683b385de7ea94a11","name":"Avalie Bem","image":{"@type":"ImageObject","inLanguage":"pt-BR","@id":"https:\/\/www.avaliebem.com.br\/blog\/#\/schema\/person\/image\/","url":"https:\/\/secure.gravatar.com\/avatar\/?s=96&d=mm&r=g","contentUrl":"https:\/\/secure.gravatar.com\/avatar\/?s=96&d=mm&r=g","caption":"Avalie Bem"},"url":"https:\/\/www.avaliebem.com.br\/blog\/author\/admin\/"}]}},"_links":{"self":[{"href":"https:\/\/www.avaliebem.com.br\/blog\/wp-json\/wp\/v2\/posts\/683","targetHints":{"allow":["GET"]}}],"collection":[{"href":"https:\/\/www.avaliebem.com.br\/blog\/wp-json\/wp\/v2\/posts"}],"about":[{"href":"https:\/\/www.avaliebem.com.br\/blog\/wp-json\/wp\/v2\/types\/post"}],"author":[{"embeddable":true,"href":"https:\/\/www.avaliebem.com.br\/blog\/wp-json\/wp\/v2\/users\/1"}],"replies":[{"embeddable":true,"href":"https:\/\/www.avaliebem.com.br\/blog\/wp-json\/wp\/v2\/comments?post=683"}],"version-history":[{"count":2,"href":"https:\/\/www.avaliebem.com.br\/blog\/wp-json\/wp\/v2\/posts\/683\/revisions"}],"predecessor-version":[{"id":694,"href":"https:\/\/www.avaliebem.com.br\/blog\/wp-json\/wp\/v2\/posts\/683\/revisions\/694"}],"wp:featuredmedia":[{"embeddable":true,"href":"https:\/\/www.avaliebem.com.br\/blog\/wp-json\/wp\/v2\/media\/702"}],"wp:attachment":[{"href":"https:\/\/www.avaliebem.com.br\/blog\/wp-json\/wp\/v2\/media?parent=683"}],"wp:term":[{"taxonomy":"category","embeddable":true,"href":"https:\/\/www.avaliebem.com.br\/blog\/wp-json\/wp\/v2\/categories?post=683"},{"taxonomy":"post_tag","embeddable":true,"href":"https:\/\/www.avaliebem.com.br\/blog\/wp-json\/wp\/v2\/tags?post=683"}],"curies":[{"name":"wp","href":"https:\/\/api.w.org\/{rel}","templated":true}]}}